{"id":29921,"date":"2023-05-23T10:42:08","date_gmt":"2023-05-23T13:42:08","guid":{"rendered":"https:\/\/beduka.com\/blog\/?p=29921"},"modified":"2023-05-23T10:42:09","modified_gmt":"2023-05-23T13:42:09","slug":"quando-usar-mim-ou-eu","status":"publish","type":"post","link":"https:\/\/beduka.com\/blog\/materias\/portugues\/quando-usar-mim-ou-eu\/","title":{"rendered":"Quando usar mim ou eu corretamente? Guia pr\u00e1tico de portugu\u00eas para estudar"},"content":{"rendered":"\n<blockquote class=\"wp-block-quote\"><p><strong><em>Voc\u00ea j\u00e1 ficou confuso na hora de escrever ou falar uma frase que precisa de &#8220;mim&#8221; ou \u201ceu\u201d? Saiba que n\u00e3o est\u00e1 sozinho nessa, a maioria das pessoas t\u00eam dificuldade na hora de decidir qual dos dois usar.<\/em><\/strong><\/p><p><strong><em>Ambos s\u00e3o pronomes pessoais, mas usados em situa\u00e7\u00f5es bem espec\u00edficas e diferentes. Enquanto o \u201ceu\u201d assume o papel de sujeito e geralmente vem antes de verbos, o \u201cmim\u201d costuma aparecer ap\u00f3s preposi\u00e7\u00f5es.<\/em><\/strong><\/p><p><strong><em>Vamos te ensinar dicas e truques super \u00fateis para voc\u00ea saber quando usar mim ou eu e nunca mais errar. Leia o texto at\u00e9 o final e teste o que aprender com exerc\u00edcios de vestibular sobre o assunto, depois verifique o gabarito com coment\u00e1rios para tirar suas d\u00favidas. Vamos come\u00e7ar!<\/em><\/strong><\/p><\/blockquote>\n\n\n\n<p>J\u00e1 parou para pensar na quantidade de pequenos assuntos que envolvem uma prepara\u00e7\u00e3o para o vestibular? <strong>Por isso, criamos um<\/strong><a href=\"https:\/\/beduka.com\/blog\/dicas\/enem-dicas\/plano-de-estudos\/\" target=\"_blank\" rel=\"noreferrer noopener\"><strong> Plano de Estudos<\/strong><\/a><strong> para voc\u00ea! <\/strong>Al\u00e9m de um <strong>cronograma com tempo acess\u00edvel, ele te diz o que, como e onde estudar!\u00a0<\/strong><\/p>\n\n\n\n<p>Este artigo vai te ajudar a saber quando usar mim ou eu. Tem bastante conte\u00fado pela frente, ent\u00e3o,<strong> clique em um dos t\u00f3picos para ir diretamente ao que deseja:<\/strong><\/p>\n\n\n\n<ol><li><a href=\"#usar-mim-ou-eu?\" data-type=\"internal\" data-id=\"#usar-mim-ou-eu?\">Quando usar mim ou eu?<\/a><\/li><li><a href=\"#eu-ou-para-mim?\" data-type=\"internal\" data-id=\"#eu-ou-para-mim?\">\u201cPara eu\u201d ou \u201cpara mim\u201d?<\/a><\/li><li><a href=\"#eu e ele ou\" data-type=\"internal\" data-id=\"#eu e ele ou\">Entre eu e ele ou entre mim e ele?<\/a><\/li><li><a href=\"#xerc\u00edcios-sobre-a-diferen\u00e7a\" data-type=\"internal\" data-id=\"#xerc\u00edcios-sobre-a-diferen\u00e7a\">Exerc\u00edcios sobre quando usar os pronomes eu e mim (com gabarito comentado)<\/a><\/li><\/ol>\n\n\n\n<h2 class=\"wp-block-heading\" id=\"usar-mim-ou-eu?\">Quando usar mim ou eu?<\/h2>\n\n\n\n<p><strong>Quando se trata de um sujeito, usamos o eu. E quando se trata de complemento usamos o mim<\/strong>. Mas como seria isso?<strong> <\/strong>Vamos te explicar de um jeito bem f\u00e1cil.<\/p>\n\n\n\n<p>Ambos s\u00e3o pronomes pessoais, ou seja, eles substituem o nome de algu\u00e9m. S\u00f3 que esses pronomes s\u00e3o divididos de dois jeitos: <strong>caso reto e caso obl\u00edquo<\/strong>.<\/p>\n\n\n\n<p><strong>O caso reto sempre faz papel de sujeito (o protagonista da ora\u00e7\u00e3o, aquele que pratica a\u00e7\u00e3o) <\/strong>e \u00e9 formado pelos seguintes pronomes: <strong>eu, tu, ele (a), n\u00f3s, v\u00f3s, eles (as).<\/strong><\/p>\n\n\n\n<p><strong>J\u00e1 o obl\u00edquo faz papel de <\/strong><a href=\"https:\/\/beduka.com\/blog\/materias\/portugues\/o-que-e-objeto-direto\/\" target=\"_blank\" rel=\"noreferrer noopener\"><strong>objeto <\/strong><\/a><strong>(complementa o sentido de um verbo) e quase sempre \u00e9 acompanhado de uma <\/strong><a href=\"https:\/\/beduka.com\/blog\/materias\/portugues\/o-que-e-uma-preposicao\/\" target=\"_blank\" rel=\"noreferrer noopener\"><strong>preposi\u00e7\u00e3o<\/strong><\/a>, como os pronomes\u00a0 <strong>me, mim, te e ti.<\/strong><\/p>\n\n\n\n<p>Observe os exemplos:<\/p>\n\n\n\n<ul><li>A professora entregou um exerc\u00edcio para <strong>eu<\/strong> fazer.<\/li><\/ul>\n\n\n\n<p>Voc\u00ea pode pensar que em \u201cpara eu fazer\u201d temos um complemento do verbo entregar, mas n\u00e3o \u00e9 bem assim.&nbsp;<\/p>\n\n\n\n<p>Acima, temos duas ora\u00e7\u00f5es que devem ser analisadas separadamente. \u00c9 muito simples de identific\u00e1-las, <strong>basta voc\u00ea ver que h\u00e1 dois verbos<\/strong>: entregar e fazer.<\/p>\n\n\n\n<p>Logo, o \u201ceu\u201d \u00e9 sujeito da segunda ora\u00e7\u00e3o e tamb\u00e9m quem pratica a segunda a\u00e7\u00e3o.<\/p>\n\n\n\n<p>Agora observe a pr\u00f3xima ora\u00e7\u00e3o:&nbsp;<\/p>\n\n\n\n<ul><li>Ele entregou um presente para mim.<\/li><\/ul>\n\n\n\n<p>Nesse caso, temos um pronome com a fun\u00e7\u00e3o de complemento. Para identificar, <strong>basta voc\u00ea fazer as seguintes perguntas:<\/strong> \u201centregou o que?\u201d e \u201centregou para quem?\u201d. Logo, para mim \u00e9 o objeto indireto (ele completa o sentido do verbo).<\/p>\n\n\n\n<p><strong>Simplificando: fique atento para o fato de que o \u201ceu\u201d s\u00f3 ser\u00e1 usado se ele for praticar uma a\u00e7\u00e3o.&nbsp;<\/strong><\/p>\n\n\n\n<p>Al\u00e9m disso, \u00e9 importante lembrar que <strong>\u201ceu\u201d \u00e9 usado em frases afirmativas, enquanto \u201cmim\u201d \u00e9 usado em frases negativas ou ap\u00f3s <\/strong><a href=\"https:\/\/beduka.com\/blog\/exercicios\/portugues-exercicios\/exercicios-sobre-preposicao\/\" target=\"_blank\" rel=\"noreferrer noopener\"><strong>preposi\u00e7\u00f5es<\/strong><\/a> (como em &#8220;para mim&#8221;, &#8220;comigo&#8221;, &#8220;de mim&#8221; etc.).<\/p>\n\n\n\n<p>Com essas dicas em mente, voc\u00ea sempre conseguir\u00e1 identificar quando usar o mim ou eu adequadamente e aprimorar sua comunica\u00e7\u00e3o escrita e falada.<\/p>\n\n\n\n<p>Para conhecer mais sobre pronomes e n\u00e3o restar nenhuma d\u00favida de quando usar mim ou &nbsp; &nbsp; eu acesse os artigos abaixo:<\/p>\n\n\n\n<ul><li><a href=\"https:\/\/beduka.com\/blog\/materias\/portugues\/tipos-de-pronomes\/\" target=\"_blank\" rel=\"noreferrer noopener\">Quais s\u00e3o os tipos de pronome?<\/a>;<\/li><li><a href=\"https:\/\/beduka.com\/blog\/materias\/portugues\/quais-sao-os-pronomes-pessoais\/\" target=\"_blank\" rel=\"noreferrer noopener\">Quais s\u00e3o os pronomes pessoais?<\/a><\/li><\/ul>\n\n\n\n<h2 class=\"wp-block-heading\" id=\"eu-ou-para-mim?\">Para eu ou para mim?<\/h2>\n\n\n\n<p>Para responder \u00e0 pergunta sobre quando usar mim ou eu, \u00e9 importante lembrar que apesar de ambos serem pronomes pessoais, <strong>eles desempenham fun\u00e7\u00f5es gramaticais bem diferentes na frase.&nbsp;<\/strong><\/p>\n\n\n\n<p>Enquanto o <strong>pronome &#8220;eu&#8221; <\/strong>est\u00e1 no caso reto e \u00e9 utilizado como sujeito da ora\u00e7\u00e3o, ou seja, <strong>aquele que pratica a\u00e7\u00e3o<\/strong>. <strong>O pronome &#8220;mim&#8221;<\/strong> est\u00e1 no caso obl\u00edquo e \u00e9 utilizado como <a href=\"https:\/\/beduka.com\/blog\/exercicios\/portugues-exercicios\/exercicios-de-objeto-direto-e-indireto\/\" target=\"_blank\" rel=\"noreferrer noopener\">objeto direto e indireto<\/a>, isto \u00e9,<strong> funciona como complemento <\/strong>(completa o sentido do verbo).<\/p>\n\n\n\n<p>E a d\u00favida sobre quando usar mim ou eu n\u00e3o vai aparecer quando o \u201ceu\u201d estiver no in\u00edcio de uma ora\u00e7\u00e3o, pois fica muito claro que ele \u00e9 sujeito, mas sim quando for usado ap\u00f3s a <a href=\"https:\/\/beduka.com\/blog\/exercicios\/portugues-exercicios\/exercicios-classes-gramaticais\/\" target=\"_blank\" rel=\"noreferrer noopener\">preposi\u00e7\u00e3o<\/a>.\u00a0<\/p>\n\n\n\n<p><strong>Veja exemplos para facilitar a compreens\u00e3o:<\/strong><\/p>\n\n\n\n<ul><li>Ele comprou um presente para mim. (objeto indireto)<\/li><li>Ela deu a chave para mim.&nbsp; (objeto indireto)<\/li><\/ul>\n\n\n\n<p>Em ambos os exemplos acima, &#8220;mim&#8221; \u00e9 usado como objeto indireto, indicando a pessoa beneficiada pela a\u00e7\u00e3o. Ou seja, ele \u00e9 um complemento do verbo e n\u00e3o um praticante dele. <strong>Lembra que o \u201ceu\u201d s\u00f3 aparecer\u00e1 quando uma a\u00e7\u00e3o for praticada?<\/strong> Logo, n\u00e3o cabe o emprego dele nas ora\u00e7\u00f5es acima.  Diferentemente do que ocorre em:<\/p>\n\n\n\n<ul><li>Essa tarefa \u00e9 para eu fazer. (sujeito)<\/li><\/ul>\n\n\n\n<p>Nesse caso, h\u00e1 uma a\u00e7\u00e3o que ser\u00e1 praticada (fazer), ent\u00e3o n\u00e3o cabe o \u201cmim\u201d, j\u00e1 que ele n\u00e3o pratica a\u00e7\u00e3o e sim a recebe. Ou seja, antes de &#8220;fazer&#8221; \u00e9 preciso colocar um sujeito: o \u201ceu\u201d.<\/p>\n\n\n\n<p><strong>Ent\u00e3o, a dica \u00e9 a seguinte: o mim nunca pratica uma a\u00e7\u00e3o, j\u00e1 o eu sim<\/strong>.<\/p>\n\n\n\n<p>Lembre-se de que o uso correto dos pronomes pessoais \u00e9 fundamental para uma comunica\u00e7\u00e3o clara e eficaz. Seguindo essas dicas, voc\u00ea estar\u00e1 mais preparado para utilizar os pronomes &#8220;eu&#8221; e &#8220;mim&#8221; de forma adequada.<\/p>\n\n\n\n<h2 class=\"wp-block-heading\" id=\"eu-e-ele-ou\">Entre eu e ele ou entre mim e ele?<\/h2>\n\n\n\n<p><strong>A forma correta \u00e9 &#8220;entre mim e ele&#8221;. Vamos come\u00e7ar pelo exemplo para facilitar a compreens\u00e3o.<\/strong><\/p>\n\n\n\n<ul><li>A discuss\u00e3o foi entre mim e ele.<\/li><\/ul>\n\n\n\n<p>Por que n\u00e3o poderia ser \u201centre eu e ele\u201d? <strong>Porque o \u201ceu\u201d sempre assume o papel de <\/strong><a href=\"https:\/\/beduka.com\/blog\/materias\/portugues\/o-que-e-sujeito-e-predicado\/\" target=\"_blank\" rel=\"noreferrer noopener\"><strong>sujeito<\/strong><\/a><strong> <\/strong>e nesse caso, o sujeito da ora\u00e7\u00e3o \u00e9 \u201cdiscuss\u00e3o\u201d.\u00a0<\/p>\n\n\n\n<p>Para ter certeza disso, basta se perguntar: <strong>\u201cquem foi?\u201d<\/strong>. Logo, voltando \u00e0 frase, percebemos que a discuss\u00e3o foi, portanto \u00e9 o \u00fanico sujeito poss\u00edvel j\u00e1 que n\u00e3o h\u00e1 mas nenhum outro verbo al\u00e9m de &#8220;foi&#8221;, isto \u00e9 \u00e9, n\u00e3o h\u00e1 espa\u00e7o para utiliza\u00e7\u00e3o do \u201ceu\u201d.<\/p>\n\n\n\n<p>J\u00e1 \u201cmim\u201d \u00e9 um complemento. Agora, perceba que o verbo \u201cfoi\u201d inevitavelmente faz a gente se perguntar: &#8220;foi o que?\u201d.&nbsp; Ou seja, ele pede um complemento, que no caso do exemplo \u00e9 \u201centre mim e ele\u201d.<\/p>\n\n\n\n<p>Logo, esse tipo de constru\u00e7\u00e3o sempre ser\u00e1 um objeto ou um predicativo do sujeito e consequentemente deveremos usar o \u201cmim\u201d e n\u00e3o o \u201ceu\u201d. Seguindo essas dicas, dificilmente voc\u00ea ainda ter\u00e1 d\u00favida sobre quando usar mim ou eu.<\/p>\n\n\n\n<h2 class=\"wp-block-heading\" id=\"xerc\u00edcios-sobre-a-diferen\u00e7a\">Exerc\u00edcios sobre a diferen\u00e7a entre mal e mau (com gabarito comentado)<\/h2>\n\n\n\n<p>Voc\u00ea j\u00e1 sabe quando usar mim ou eu, agora, \u00e9 hora de testar seu conhecimento e perceber as pegadinhas. <strong>Vamos l\u00e1?<\/strong><\/p>\n\n\n\n<p><strong>Quest\u00e3o 1-&nbsp; (IBFC) <\/strong>Assinale a alternativa que completa, correta e respectivamente, as lacunas.<\/p>\n\n\n\n<p>O garoto pediu para _____ ler a hist\u00f3ria. Para ______, ler \u00e9 sempre um prazer!<\/p>\n\n\n\n<p><strong>a)<\/strong> ( ) eu \u2013 eu.<\/p>\n\n\n\n<p><strong>b)<\/strong> ( ) mim \u2013 eu.<\/p>\n\n\n\n<p><strong>c)<\/strong> ( ) eu \u2013 mim.<\/p>\n\n\n\n<p><strong>d)<\/strong> ( ) mim \u2013 mim.<\/p>\n\n\n\n<p><strong>Quest\u00e3o 2- \u00a0 (<\/strong><a href=\"https:\/\/www.ifsc.edu.br\/provas-e-gabaritos\" target=\"_blank\" rel=\"noreferrer noopener\"><strong>IF-SC &#8211; adaptada<\/strong><\/a><strong>) <\/strong>Complete as frases com os pronomes eu ou mim e, depois, assinale a op\u00e7\u00e3o que apresenta a sequ\u00eancia CORRETA de cima para baixo.<\/p>\n\n\n\n<p>I. Traga o livro para ___, quero ler agora.<\/p>\n\n\n\n<p>II. Trouxe o texto para ____ corrigir; farei com imenso prazer.<\/p>\n\n\n\n<p>III. Para ____ acertar esta quest\u00e3o preciso de muita leitura<\/p>\n\n\n\n<p>a) ( ) mim, eu, eu<\/p>\n\n\n\n<p>b) ( ) mim, eu, mim<\/p>\n\n\n\n<p>c) ( ) eu, eu, eu<\/p>\n\n\n\n<p>d) ( ) eu, eu, mim<\/p>\n\n\n\n<p>e) ( ) mim, mim, mim<\/p>\n\n\n\n<h3 class=\"wp-block-heading\">Gabarito comentado<\/h3>\n\n\n\n<p>Fizemos quest\u00e3o de analisar cuidadosamente os exerc\u00edcios acima para voc\u00ea! Assim, voc\u00ea vai ver que n\u00e3o h\u00e1 dificuldade para saber quando usar mim ou eu. Isso vai te ajudar a ficar atento e entender melhor as diferen\u00e7as. Confira:<\/p>\n\n\n\n<p><strong>Exerc\u00edcio resolvido da quest\u00e3o 1 &#8211;<\/strong><\/p>\n\n\n\n<p>Alternativa correta: <strong>c)<\/strong> ( ) eu \u2013 mim.<\/p>\n\n\n\n<p>Primeiro, lembre-se que o \u201ceu\u201d sempre pratica a a\u00e7\u00e3o e o \u201cmim\u201d assume o papel de complemento. Sabendo disso,<strong> fa\u00e7a as seguintes perguntas: \u201cquem ler\u00e1?\u201d e \u201c ler \u00e9 um prazer para quem?\u201d.<\/strong><\/p>\n\n\n\n<p>Assim, em \u201cUm garoto pediu para ____ ler a hist\u00f3tia!, teremos dois sujeitos: aquele que pediu (o garoto) e aquele que ler\u00e1 (eu). Ent\u00e3o se h\u00e1 um praticante de a\u00e7\u00e3o, n\u00e3o tem como utilizar o \u201cmim\u201d.<\/p>\n\n\n\n<p>J\u00e1 em&nbsp; \u201cPara ______, ler \u00e9 sempre um prazer!\u201d, ler assume o papel de sujeito e depois do verbo \u201c\u00e9\u201d tudo \u00e9 complemento. Logo, deveremos usar o mim.&nbsp;<\/p>\n\n\n\n<p><strong>Exerc\u00edcio resolvido da quest\u00e3o 2 &#8211;<\/strong><\/p>\n\n\n\n<p>Alternativa correta: <strong>&nbsp;a)<\/strong> ( ) mim, eu, eu<\/p>\n\n\n\n<p>Na primeira senten\u00e7a,<strong> o verbo trazer exige dois complementos,<\/strong> ou seja, voc\u00ea far\u00e1 duas perguntas \u201ctrazer o que?\u201d e \u201ctrazer para quem?\u201d. Logo, temos dois objetos, s\u00f3 cabendo o \u201cmim\u201d.<\/p>\n\n\n\n<p>Na segunda,<strong> temos dois verbos: \u201ctrazer\u201d e \u201ccorrigir\u201d, consequente dois sujeitos<\/strong>. Nesse caso, fa\u00e7a as seguintes perguntas: &#8220;quem trouxe?\u201d e \u201cquem vai corrigir?\u201d. Ent\u00e3o, se antes do verbo vem o sujeito, s\u00f3 cabe o pronome eu.<\/p>\n\n\n\n<p>Na senten\u00e7a III, <strong>voc\u00ea deve preencher o espa\u00e7o com o praticante da a\u00e7\u00e3o \u201cacertar\u201d (ou seja, o sujeito): <\/strong>logo, o pronome eu. Sendo a \u00fanica alternativa poss\u00edvel a letra A.&nbsp;<\/p>\n\n\n\n<p>Assuntos como quando usar mim ou eu requerem muita pr\u00e1tica, at\u00e9 porque \u00e0s vezes o aluno acaba errando por desenta\u00e7\u00e3o mesmo. S\u00e3o tantos casos que um acaba passando batido.<\/p>\n\n\n\n<p><strong>Mas isso s\u00f3 acontece se voc\u00ea n\u00e3o treinar! <\/strong>Por isso, disponibilizamos para voc\u00ea o <a href=\"https:\/\/beduka.com\/simulado-enem\/#\/\" target=\"_blank\" rel=\"noreferrer noopener\">Simulado Beduka.\u00a0<\/a><\/p>\n\n\n\n<p>Ele utiliza o m\u00e9todo TRI, o mesmo do Enem. Ou seja, <strong>a nota que voc\u00ea tirar no simulado ser\u00e1 muito semelhante \u00e0 que voc\u00ea tiraria na prova. <\/strong>As quest\u00f5es tamb\u00e9m s\u00e3o do pr\u00f3prio exame.<\/p>\n\n\n\n<p>Al\u00e9m disso, o Simulado \u00e9 gratuito e voc\u00ea pode fazer online mesmo.<\/p>\n\n\n\n<p><strong>J\u00e1 para saber quais conte\u00fados o Enem cobra e ter um cronograma de estudo com tempo acess\u00edvel, <\/strong>conte com nosso <a href=\"https:\/\/beduka.com\/blog\/dicas\/enem-dicas\/plano-de-estudos\/\" target=\"_blank\" rel=\"noreferrer noopener\"><strong>Plano de Estudos para o Enem 2023!<\/strong><\/a><\/p>\n\n\n\n<p><strong>Ele tamb\u00e9m \u00e9 atualizado mensalmente!<\/strong> Ent\u00e3o, tem um cronograma especial para voc\u00ea que quer come\u00e7ar a estudar esse m\u00eas.<strong>&nbsp;<\/strong><\/p>\n\n\n\n<p>Qualquer d\u00favida, deixe um coment\u00e1rio por aqui ou nos mande um direct no <a href=\"https:\/\/www.instagram.com\/beduka_oficial\/\" target=\"_blank\" rel=\"noreferrer noopener\">Instagram<\/a>. Nossa meta \u00e9 te conectar \u00e0 faculdade.<\/p>\n\n\n\n<p><strong>Sucesso e bons estudos!<\/strong><\/p>\n","protected":false},"excerpt":{"rendered":"<p>Quando usar mim ou eu gera muitas d\u00favidas nos estudantes e acaba fazendo muita gente perder pontos na reda\u00e7\u00e3o. Descubra dicas valiosas e um macete super \u00fatil para evitar esses erros e pratique com exerc\u00edcios de vestibular. <\/p>\n","protected":false},"author":20,"featured_media":29923,"comment_status":"open","ping_status":"closed","sticky":false,"template":"","format":"standard","meta":{"_mi_skip_tracking":false,"_monsterinsights_sitenote_active":false,"_monsterinsights_sitenote_note":"","_monsterinsights_sitenote_category":0},"categories":[488],"tags":[],"yoast_head":"<!-- This site is optimized with the Yoast SEO plugin v20.10 - https:\/\/yoast.com\/wordpress\/plugins\/seo\/ -->\n<title>Quando usar mim ou eu? Dicas infal\u00edveis para voc\u00ea n\u00e3o errar mais<\/title>\n<meta name=\"description\" content=\"Quando usar mim ou eu gera muitas d\u00favidas nos estudantes e acaba fazendo muita gente perder pontos na reda\u00e7\u00e3o. Descubra dicas valiosas e um macete super \u00fatil para evitar esses erros e pratique com exerc\u00edcios de vestibular.\" \/>\n<meta name=\"robots\" content=\"index, follow, max-snippet:-1, max-image-preview:large, max-video-preview:-1\" \/>\n<link rel=\"canonical\" href=\"https:\/\/beduka.com\/blog\/materias\/portugues\/quando-usar-mim-ou-eu\/\" \/>\n<meta property=\"og:locale\" content=\"pt_BR\" \/>\n<meta property=\"og:type\" content=\"article\" \/>\n<meta property=\"og:title\" content=\"Quando usar mim ou eu? Dicas infal\u00edveis para voc\u00ea n\u00e3o errar mais\" \/>\n<meta property=\"og:description\" content=\"Quando usar mim ou eu gera muitas d\u00favidas nos estudantes e acaba fazendo muita gente perder pontos na reda\u00e7\u00e3o. Descubra dicas valiosas e um macete super \u00fatil para evitar esses erros e pratique com exerc\u00edcios de vestibular.\" \/>\n<meta property=\"og:url\" content=\"https:\/\/beduka.com\/blog\/materias\/portugues\/quando-usar-mim-ou-eu\/\" \/>\n<meta property=\"og:site_name\" content=\"Blog do Beduka | Mat\u00e9rias resumidas, Dicas e Exerc\u00edcios Enem\" \/>\n<meta property=\"article:publisher\" content=\"https:\/\/www.facebook.com\/beduka.buscadordefaculdades\/\" \/>\n<meta property=\"article:author\" content=\"https:\/\/www.facebook.com\/beduka.buscadordefaculdades\" \/>\n<meta property=\"article:published_time\" content=\"2023-05-23T13:42:08+00:00\" \/>\n<meta property=\"article:modified_time\" content=\"2023-05-23T13:42:09+00:00\" \/>\n<meta property=\"og:image\" content=\"https:\/\/beduka.com\/blog\/wp-content\/uploads\/2023\/05\/Quando-usar-mim-ou-eu-corretamente.jpg\" \/>\n\t<meta property=\"og:image:width\" content=\"609\" \/>\n\t<meta property=\"og:image:height\" content=\"342\" \/>\n\t<meta property=\"og:image:type\" content=\"image\/jpeg\" \/>\n<meta name=\"author\" content=\"Reda\u00e7\u00e3o Beduka\" \/>\n<meta name=\"twitter:card\" content=\"summary_large_image\" \/>\n<meta name=\"twitter:label1\" content=\"Escrito por\" \/>\n\t<meta name=\"twitter:data1\" content=\"Reda\u00e7\u00e3o Beduka\" \/>\n\t<meta name=\"twitter:label2\" content=\"Est. tempo de leitura\" \/>\n\t<meta name=\"twitter:data2\" content=\"8 minutos\" \/>\n<script type=\"application\/ld+json\" class=\"yoast-schema-graph\">{\"@context\":\"https:\/\/schema.org\",\"@graph\":[{\"@type\":\"Article\",\"@id\":\"https:\/\/beduka.com\/blog\/materias\/portugues\/quando-usar-mim-ou-eu\/#article\",\"isPartOf\":{\"@id\":\"https:\/\/beduka.com\/blog\/materias\/portugues\/quando-usar-mim-ou-eu\/\"},\"author\":{\"name\":\"Reda\u00e7\u00e3o Beduka\",\"@id\":\"https:\/\/beduka.com\/blog\/#\/schema\/person\/6663b033dafd59fc30595515af1715a6\"},\"headline\":\"Quando usar mim ou eu corretamente? Guia pr\u00e1tico de portugu\u00eas para estudar\",\"datePublished\":\"2023-05-23T13:42:08+00:00\",\"dateModified\":\"2023-05-23T13:42:09+00:00\",\"mainEntityOfPage\":{\"@id\":\"https:\/\/beduka.com\/blog\/materias\/portugues\/quando-usar-mim-ou-eu\/\"},\"wordCount\":1706,\"commentCount\":0,\"publisher\":{\"@id\":\"https:\/\/beduka.com\/blog\/#organization\"},\"articleSection\":[\"Portugu\u00eas\"],\"inLanguage\":\"pt-BR\",\"potentialAction\":[{\"@type\":\"CommentAction\",\"name\":\"Comment\",\"target\":[\"https:\/\/beduka.com\/blog\/materias\/portugues\/quando-usar-mim-ou-eu\/#respond\"]}]},{\"@type\":\"WebPage\",\"@id\":\"https:\/\/beduka.com\/blog\/materias\/portugues\/quando-usar-mim-ou-eu\/\",\"url\":\"https:\/\/beduka.com\/blog\/materias\/portugues\/quando-usar-mim-ou-eu\/\",\"name\":\"Quando usar mim ou eu? Dicas infal\u00edveis para voc\u00ea n\u00e3o errar mais\",\"isPartOf\":{\"@id\":\"https:\/\/beduka.com\/blog\/#website\"},\"datePublished\":\"2023-05-23T13:42:08+00:00\",\"dateModified\":\"2023-05-23T13:42:09+00:00\",\"description\":\"Quando usar mim ou eu gera muitas d\u00favidas nos estudantes e acaba fazendo muita gente perder pontos na reda\u00e7\u00e3o. Descubra dicas valiosas e um macete super \u00fatil para evitar esses erros e pratique com exerc\u00edcios de vestibular.\",\"breadcrumb\":{\"@id\":\"https:\/\/beduka.com\/blog\/materias\/portugues\/quando-usar-mim-ou-eu\/#breadcrumb\"},\"inLanguage\":\"pt-BR\",\"potentialAction\":[{\"@type\":\"ReadAction\",\"target\":[\"https:\/\/beduka.com\/blog\/materias\/portugues\/quando-usar-mim-ou-eu\/\"]}]},{\"@type\":\"BreadcrumbList\",\"@id\":\"https:\/\/beduka.com\/blog\/materias\/portugues\/quando-usar-mim-ou-eu\/#breadcrumb\",\"itemListElement\":[{\"@type\":\"ListItem\",\"position\":1,\"name\":\"Home\",\"item\":\"https:\/\/beduka.com\/blog\/\"},{\"@type\":\"ListItem\",\"position\":2,\"name\":\"Quando usar mim ou eu corretamente? Guia pr\u00e1tico de portugu\u00eas para estudar\"}]},{\"@type\":\"WebSite\",\"@id\":\"https:\/\/beduka.com\/blog\/#website\",\"url\":\"https:\/\/beduka.com\/blog\/\",\"name\":\"Blog do Beduka | Mat\u00e9rias resumidas, Dicas e Exerc\u00edcios Enem\",\"description\":\"O Blog do Beduka tem os conte\u00fados que mais caem no Enem, exerc\u00edcios de vestibular com gabarito, resumos, dicas e informa\u00e7\u00f5es Sisu, Prouni e Fies.Encontre dicas para o ENEM, resumos, exerc\u00edcios e informa\u00e7\u00f5es sobre os vestibulares. Acesse agora!\",\"publisher\":{\"@id\":\"https:\/\/beduka.com\/blog\/#organization\"},\"potentialAction\":[{\"@type\":\"SearchAction\",\"target\":{\"@type\":\"EntryPoint\",\"urlTemplate\":\"https:\/\/beduka.com\/blog\/?s={search_term_string}\"},\"query-input\":\"required name=search_term_string\"}],\"inLanguage\":\"pt-BR\"},{\"@type\":\"Organization\",\"@id\":\"https:\/\/beduka.com\/blog\/#organization\",\"name\":\"Beduka\",\"url\":\"https:\/\/beduka.com\/blog\/\",\"logo\":{\"@type\":\"ImageObject\",\"inLanguage\":\"pt-BR\",\"@id\":\"https:\/\/beduka.com\/blog\/#\/schema\/logo\/image\/\",\"url\":\"https:\/\/beduka.com\/blog\/wp-content\/uploads\/2020\/06\/marca-beduka.png\",\"contentUrl\":\"https:\/\/beduka.com\/blog\/wp-content\/uploads\/2020\/06\/marca-beduka.png\",\"width\":1077,\"height\":368,\"caption\":\"Beduka\"},\"image\":{\"@id\":\"https:\/\/beduka.com\/blog\/#\/schema\/logo\/image\/\"},\"sameAs\":[\"https:\/\/www.facebook.com\/beduka.buscadordefaculdades\/\",\"https:\/\/www.instagram.com\/beduka_oficial\/\",\"https:\/\/www.linkedin.com\/company\/beduka\",\"https:\/\/br.pinterest.com\/bedukaoficial\/\",\"https:\/\/www.youtube.com\/beduka\"]},{\"@type\":\"Person\",\"@id\":\"https:\/\/beduka.com\/blog\/#\/schema\/person\/6663b033dafd59fc30595515af1715a6\",\"name\":\"Reda\u00e7\u00e3o Beduka\",\"image\":{\"@type\":\"ImageObject\",\"inLanguage\":\"pt-BR\",\"@id\":\"https:\/\/beduka.com\/blog\/#\/schema\/person\/image\/\",\"url\":\"https:\/\/secure.gravatar.com\/avatar\/6adaee42d8e8225567b5dc097972091b?s=96&d=mm&r=g\",\"contentUrl\":\"https:\/\/secure.gravatar.com\/avatar\/6adaee42d8e8225567b5dc097972091b?s=96&d=mm&r=g\",\"caption\":\"Reda\u00e7\u00e3o Beduka\"},\"description\":\"Este conte\u00fado foi criado e validado por uma equipe multidisciplinar, formada por especialistas em cada \u00e1rea do conhecimento. O Beduka est\u00e1 presente no Instagram, YouTube, LinkedIn e em diversos outros ambientes digitais. O site foi criado em 2017 e, desde a sua funda\u00e7\u00e3o, atua para fornecer materiais de qualidade para facilitar a vida de estudantes de todo o Brasil, ajudando-os a se preparar para os principais vestibulares e o Enem.\",\"sameAs\":[\"https:\/\/www.facebook.com\/beduka.buscadordefaculdades\",\"https:\/\/www.instagram.com\/beduka_oficial\/\",\"https:\/\/br.pinterest.com\/bedukaoficial\/\"],\"url\":\"https:\/\/beduka.com\/blog\/author\/alessandra\/\"}]}<\/script>\n<!-- \/ Yoast SEO plugin. -->","yoast_head_json":{"title":"Quando usar mim ou eu? Dicas infal\u00edveis para voc\u00ea n\u00e3o errar mais","description":"Quando usar mim ou eu gera muitas d\u00favidas nos estudantes e acaba fazendo muita gente perder pontos na reda\u00e7\u00e3o. Descubra dicas valiosas e um macete super \u00fatil para evitar esses erros e pratique com exerc\u00edcios de vestibular.","robots":{"index":"index","follow":"follow","max-snippet":"max-snippet:-1","max-image-preview":"max-image-preview:large","max-video-preview":"max-video-preview:-1"},"canonical":"https:\/\/beduka.com\/blog\/materias\/portugues\/quando-usar-mim-ou-eu\/","og_locale":"pt_BR","og_type":"article","og_title":"Quando usar mim ou eu? Dicas infal\u00edveis para voc\u00ea n\u00e3o errar mais","og_description":"Quando usar mim ou eu gera muitas d\u00favidas nos estudantes e acaba fazendo muita gente perder pontos na reda\u00e7\u00e3o. Descubra dicas valiosas e um macete super \u00fatil para evitar esses erros e pratique com exerc\u00edcios de vestibular.","og_url":"https:\/\/beduka.com\/blog\/materias\/portugues\/quando-usar-mim-ou-eu\/","og_site_name":"Blog do Beduka | Mat\u00e9rias resumidas, Dicas e Exerc\u00edcios Enem","article_publisher":"https:\/\/www.facebook.com\/beduka.buscadordefaculdades\/","article_author":"https:\/\/www.facebook.com\/beduka.buscadordefaculdades","article_published_time":"2023-05-23T13:42:08+00:00","article_modified_time":"2023-05-23T13:42:09+00:00","og_image":[{"width":609,"height":342,"url":"https:\/\/beduka.com\/blog\/wp-content\/uploads\/2023\/05\/Quando-usar-mim-ou-eu-corretamente.jpg","type":"image\/jpeg"}],"author":"Reda\u00e7\u00e3o Beduka","twitter_card":"summary_large_image","twitter_misc":{"Escrito por":"Reda\u00e7\u00e3o Beduka","Est. tempo de leitura":"8 minutos"},"schema":{"@context":"https:\/\/schema.org","@graph":[{"@type":"Article","@id":"https:\/\/beduka.com\/blog\/materias\/portugues\/quando-usar-mim-ou-eu\/#article","isPartOf":{"@id":"https:\/\/beduka.com\/blog\/materias\/portugues\/quando-usar-mim-ou-eu\/"},"author":{"name":"Reda\u00e7\u00e3o Beduka","@id":"https:\/\/beduka.com\/blog\/#\/schema\/person\/6663b033dafd59fc30595515af1715a6"},"headline":"Quando usar mim ou eu corretamente? Guia pr\u00e1tico de portugu\u00eas para estudar","datePublished":"2023-05-23T13:42:08+00:00","dateModified":"2023-05-23T13:42:09+00:00","mainEntityOfPage":{"@id":"https:\/\/beduka.com\/blog\/materias\/portugues\/quando-usar-mim-ou-eu\/"},"wordCount":1706,"commentCount":0,"publisher":{"@id":"https:\/\/beduka.com\/blog\/#organization"},"articleSection":["Portugu\u00eas"],"inLanguage":"pt-BR","potentialAction":[{"@type":"CommentAction","name":"Comment","target":["https:\/\/beduka.com\/blog\/materias\/portugues\/quando-usar-mim-ou-eu\/#respond"]}]},{"@type":"WebPage","@id":"https:\/\/beduka.com\/blog\/materias\/portugues\/quando-usar-mim-ou-eu\/","url":"https:\/\/beduka.com\/blog\/materias\/portugues\/quando-usar-mim-ou-eu\/","name":"Quando usar mim ou eu? Dicas infal\u00edveis para voc\u00ea n\u00e3o errar mais","isPartOf":{"@id":"https:\/\/beduka.com\/blog\/#website"},"datePublished":"2023-05-23T13:42:08+00:00","dateModified":"2023-05-23T13:42:09+00:00","description":"Quando usar mim ou eu gera muitas d\u00favidas nos estudantes e acaba fazendo muita gente perder pontos na reda\u00e7\u00e3o. Descubra dicas valiosas e um macete super \u00fatil para evitar esses erros e pratique com exerc\u00edcios de vestibular.","breadcrumb":{"@id":"https:\/\/beduka.com\/blog\/materias\/portugues\/quando-usar-mim-ou-eu\/#breadcrumb"},"inLanguage":"pt-BR","potentialAction":[{"@type":"ReadAction","target":["https:\/\/beduka.com\/blog\/materias\/portugues\/quando-usar-mim-ou-eu\/"]}]},{"@type":"BreadcrumbList","@id":"https:\/\/beduka.com\/blog\/materias\/portugues\/quando-usar-mim-ou-eu\/#breadcrumb","itemListElement":[{"@type":"ListItem","position":1,"name":"Home","item":"https:\/\/beduka.com\/blog\/"},{"@type":"ListItem","position":2,"name":"Quando usar mim ou eu corretamente? Guia pr\u00e1tico de portugu\u00eas para estudar"}]},{"@type":"WebSite","@id":"https:\/\/beduka.com\/blog\/#website","url":"https:\/\/beduka.com\/blog\/","name":"Blog do Beduka | Mat\u00e9rias resumidas, Dicas e Exerc\u00edcios Enem","description":"O Blog do Beduka tem os conte\u00fados que mais caem no Enem, exerc\u00edcios de vestibular com gabarito, resumos, dicas e informa\u00e7\u00f5es Sisu, Prouni e Fies.Encontre dicas para o ENEM, resumos, exerc\u00edcios e informa\u00e7\u00f5es sobre os vestibulares. Acesse agora!","publisher":{"@id":"https:\/\/beduka.com\/blog\/#organization"},"potentialAction":[{"@type":"SearchAction","target":{"@type":"EntryPoint","urlTemplate":"https:\/\/beduka.com\/blog\/?s={search_term_string}"},"query-input":"required name=search_term_string"}],"inLanguage":"pt-BR"},{"@type":"Organization","@id":"https:\/\/beduka.com\/blog\/#organization","name":"Beduka","url":"https:\/\/beduka.com\/blog\/","logo":{"@type":"ImageObject","inLanguage":"pt-BR","@id":"https:\/\/beduka.com\/blog\/#\/schema\/logo\/image\/","url":"https:\/\/beduka.com\/blog\/wp-content\/uploads\/2020\/06\/marca-beduka.png","contentUrl":"https:\/\/beduka.com\/blog\/wp-content\/uploads\/2020\/06\/marca-beduka.png","width":1077,"height":368,"caption":"Beduka"},"image":{"@id":"https:\/\/beduka.com\/blog\/#\/schema\/logo\/image\/"},"sameAs":["https:\/\/www.facebook.com\/beduka.buscadordefaculdades\/","https:\/\/www.instagram.com\/beduka_oficial\/","https:\/\/www.linkedin.com\/company\/beduka","https:\/\/br.pinterest.com\/bedukaoficial\/","https:\/\/www.youtube.com\/beduka"]},{"@type":"Person","@id":"https:\/\/beduka.com\/blog\/#\/schema\/person\/6663b033dafd59fc30595515af1715a6","name":"Reda\u00e7\u00e3o Beduka","image":{"@type":"ImageObject","inLanguage":"pt-BR","@id":"https:\/\/beduka.com\/blog\/#\/schema\/person\/image\/","url":"https:\/\/secure.gravatar.com\/avatar\/6adaee42d8e8225567b5dc097972091b?s=96&d=mm&r=g","contentUrl":"https:\/\/secure.gravatar.com\/avatar\/6adaee42d8e8225567b5dc097972091b?s=96&d=mm&r=g","caption":"Reda\u00e7\u00e3o Beduka"},"description":"Este conte\u00fado foi criado e validado por uma equipe multidisciplinar, formada por especialistas em cada \u00e1rea do conhecimento. O Beduka est\u00e1 presente no Instagram, YouTube, LinkedIn e em diversos outros ambientes digitais. O site foi criado em 2017 e, desde a sua funda\u00e7\u00e3o, atua para fornecer materiais de qualidade para facilitar a vida de estudantes de todo o Brasil, ajudando-os a se preparar para os principais vestibulares e o Enem.","sameAs":["https:\/\/www.facebook.com\/beduka.buscadordefaculdades","https:\/\/www.instagram.com\/beduka_oficial\/","https:\/\/br.pinterest.com\/bedukaoficial\/"],"url":"https:\/\/beduka.com\/blog\/author\/alessandra\/"}]}},"_links":{"self":[{"href":"https:\/\/beduka.com\/blog\/wp-json\/wp\/v2\/posts\/29921"}],"collection":[{"href":"https:\/\/beduka.com\/blog\/wp-json\/wp\/v2\/posts"}],"about":[{"href":"https:\/\/beduka.com\/blog\/wp-json\/wp\/v2\/types\/post"}],"author":[{"embeddable":true,"href":"https:\/\/beduka.com\/blog\/wp-json\/wp\/v2\/users\/20"}],"replies":[{"embeddable":true,"href":"https:\/\/beduka.com\/blog\/wp-json\/wp\/v2\/comments?post=29921"}],"version-history":[{"count":1,"href":"https:\/\/beduka.com\/blog\/wp-json\/wp\/v2\/posts\/29921\/revisions"}],"predecessor-version":[{"id":29924,"href":"https:\/\/beduka.com\/blog\/wp-json\/wp\/v2\/posts\/29921\/revisions\/29924"}],"wp:featuredmedia":[{"embeddable":true,"href":"https:\/\/beduka.com\/blog\/wp-json\/wp\/v2\/media\/29923"}],"wp:attachment":[{"href":"https:\/\/beduka.com\/blog\/wp-json\/wp\/v2\/media?parent=29921"}],"wp:term":[{"taxonomy":"category","embeddable":true,"href":"https:\/\/beduka.com\/blog\/wp-json\/wp\/v2\/categories?post=29921"},{"taxonomy":"post_tag","embeddable":true,"href":"https:\/\/beduka.com\/blog\/wp-json\/wp\/v2\/tags?post=29921"}],"curies":[{"name":"wp","href":"https:\/\/api.w.org\/{rel}","templated":true}]}}