{"id":33618,"date":"2025-07-16T06:38:59","date_gmt":"2025-07-16T09:38:59","guid":{"rendered":"https:\/\/beduka.com\/blog\/?p=33618"},"modified":"2025-08-11T16:31:11","modified_gmt":"2025-08-11T19:31:11","slug":"quem-descobriu-o-autismo","status":"publish","type":"post","link":"https:\/\/beduka.com\/blog\/materias\/historia\/quem-descobriu-o-autismo\/","title":{"rendered":"Quem descobriu o autismo?"},"content":{"rendered":"\n<p><strong>O termo autismo foi utilizado clinicamente pela primeira pelo psiquiatra su\u00ed\u00e7o Eugen Bleuler, em 1908<\/strong>. No entanto, seu uso n\u00e3o foi para descrever um transtorno, mas <strong>uma caracter\u00edstica que pacientes esquizofr\u00eanicos apresentam<\/strong>.<\/p>\n\n\n\n<p><strong>Somente na d\u00e9cada de 1940 \u00e9 que o autismo passou a servir como diagn\u00f3stico independente<\/strong>, englobando tra\u00e7os como a dificuldade de socializa\u00e7\u00e3o, rigidez comportamental e preju\u00edzos na fala.<\/p>\n\n\n\n<p>Dois caminhos diferentes foram seguidos para chegar \u00e0 conclus\u00e3o de que o autismo era um transtorno destacado dos outros: um americano e outro, austr\u00edaco.<\/p>\n\n\n\n<p><strong>Continue lendo para saber quem descobriu o autismo<\/strong>, o contexto dos estudos com as crian\u00e7as que levaram aos diagn\u00f3sticos e as implica\u00e7\u00f5es que trouxeram.<\/p>\n\n\n\n<h2 class=\"wp-block-heading\">O que \u00e9 o autismo?<\/h2>\n\n\n\n<p>No livro Simplificando o Autismo, o doutor Thiago Castro define o transtorno do espectro autista como <strong>\u201cum transtorno do neurodesenvolvimento, que afeta a comunica\u00e7\u00e3o, a intera\u00e7\u00e3o social e os comportamentos repetitivos ou restritos\u201d<\/strong>.<\/p>\n\n\n\n<p>Este transtorno \u00e9 reconhecido por gerar alguns preju\u00edzos nas pessoas que o portam, como:<\/p>\n\n\n\n<ul>\n<li>limita\u00e7\u00e3o na reciprocidade emocional;<\/li>\n\n\n\n<li>dificuldade para compartilhar interesses e estabelecer conversas;<\/li>\n\n\n\n<li>dificuldade no uso de gestos e express\u00f5es faciais para comunica\u00e7\u00e3o n\u00e3o verbal;<\/li>\n\n\n\n<li>movimentos motores ou fala repetitivos e estereotipados;<\/li>\n\n\n\n<li>ades\u00e3o inflex\u00edvel a padr\u00f5es;<\/li>\n\n\n\n<li>hiperfocos intensos;<\/li>\n\n\n\n<li>reatividade desproporcional a est\u00edmulos sensoriais.<\/li>\n<\/ul>\n\n\n\n<p>Por ser um espectro amplo, o autismo varia de pessoa para pessoa e pode ser dividido em tr\u00eas n\u00edveis, segundo o apoio exigido para cada uma.<\/p>\n\n\n\n<ul>\n<li><strong>N\u00edvel 1<\/strong>: leve, exigindo pouco suporte. \u00c9 o indiv\u00edduo que consegue falar e exercer atividades pr\u00e1ticas comuns, mas apresenta uma rotina ritualizada, necessidade de padr\u00f5es e outros aspectos mais brandos.<\/li>\n<\/ul>\n\n\n\n<ul>\n<li><strong>N\u00edvel 2<\/strong>: moderado, exigindo mais suporte, ainda que haja funcionalidade em alguns aspectos. Possui dificuldades na socializa\u00e7\u00e3o e comunica\u00e7\u00e3o mesmo com suporte e pode ter preju\u00edzo no desenvolvimento intelectual.<\/li>\n<\/ul>\n\n\n\n<ul>\n<li><strong>N\u00edvel 3<\/strong>: severo. Mesmo com suporte, possui graves preju\u00edzos de funcionalidade, d\u00e9ficits nas habilidades de comunica\u00e7\u00e3o e nas fun\u00e7\u00f5es executivas (as que permitem gerenciar emo\u00e7\u00f5es e pensamentos).<\/li>\n<\/ul>\n\n\n\n<h2 class=\"wp-block-heading\">De onde vem o autismo?<\/h2>\n\n\n\n<p><strong>N\u00e3o houve ainda a descoberta do agente que causa o autismo<\/strong>. Os especialistas entendem que ele \u00e9 uma <strong>condi\u00e7\u00e3o multifatorial<\/strong>, ou seja, tem v\u00e1rias fontes de origem <strong>envolvendo fatores gen\u00e9ticos e ambientais<\/strong>.<\/p>\n\n\n\n<p><strong>Entende-se que entre 64% e 92% dos fatores que causam o autismo s\u00e3o gen\u00e9ticos<\/strong>. \u00c9 algo que se encontra no DNA da pessoa e n\u00e3o pode ser mudado, inclusive, est\u00e1 presente desde a gesta\u00e7\u00e3o.<\/p>\n\n\n\n<p>Entre os <strong>fatores ambientais mais importantes<\/strong>, listados pela m\u00e9dica Mariana In\u00e1cio Villas b\u00f4as, est\u00e3o:<\/p>\n\n\n\n<ul>\n<li>Idade avan\u00e7ada dos pais, principalmente do pai;<\/li>\n\n\n\n<li>Tecnologias de reprodu\u00e7\u00e3o assistida, como a fertiliza\u00e7\u00e3o in vitro;<\/li>\n\n\n\n<li>Polui\u00e7\u00e3o ambiental e outros fatores qu\u00edmicos;<\/li>\n\n\n\n<li>Estado nutricional materno (obesidade ou desnutri\u00e7\u00e3o);<\/li>\n\n\n\n<li>Defici\u00eancia de ferro;<\/li>\n\n\n\n<li>Abuso de subst\u00e2ncia, como \u00e1lcool, cigarro e drogas psicoativas;<\/li>\n\n\n\n<li>Infec\u00e7\u00f5es e inflama\u00e7\u00f5es pr\u00e9-natais;<\/li>\n\n\n\n<li>Diabetes gestacional.<\/li>\n<\/ul>\n\n\n\n<h2 class=\"wp-block-heading\">Quem descobriu o autismo?<\/h2>\n\n\n\n<p><strong>A palavra autismo vem de autos, que em grego significa por si mesmo<\/strong>. A primeira vez que ela foi utilizada no contexto cl\u00ednico foi em 1908, quando o m\u00e9dico su\u00ed\u00e7o Eugen Bleuler descreveu algumas caracter\u00edsticas de pacientes com esquizofrenia.<\/p>\n\n\n\n<p>Segundo Bleuler, <strong>eles fugiam para um mundo interior, ou seja, ficavam fechados em si mesmos<\/strong>.<\/p>\n\n\n\n<p><strong>At\u00e9 1943, crian\u00e7as autistas n\u00e3o eram necessariamente diagnosticadas com o transtorno<\/strong>. Como conta a historiadora Edith Sheffer, no livro Crian\u00e7as de Asperger, os m\u00e9dicos utilizavam <strong>\u201co termo aut\u00edstico como descritor, n\u00e3o como patologia\u201d<\/strong>. Ou seja, aplicavam a palavra no mesmo sentido que Bleuler, mas de maneira mais ampla, para outras condi\u00e7\u00f5es.<\/p>\n\n\n\n<p>O diagn\u00f3stico do autismo se iniciou quando duas teses foram publicadas, uma nos Estados Unidos e outra na \u00c1ustria, em 1943 e 1944 respectivamente.<\/p>\n\n\n\n<p><strong>Elas foram elaboradas por Leo Kanner (1943) e Hans Asperger (1944), que podem ser considerados os descobridores do autismo como transtorno espec\u00edfic<\/strong>o. No entanto, existem diferen\u00e7as entre cada descri\u00e7\u00e3o.<\/p>\n\n\n\n<p>Segundo Edith Sheffer, <strong>Kanner descreveu<\/strong> crian\u00e7as que considerava relativamente parecidas entre si. Elas apresentavam <strong>dist\u00e2ncia social e emocional e preocupa\u00e7\u00e3o com objetos e rituais, comportamento ou nenhuma fala e severas defici\u00eancias cognitivas<\/strong>.<\/p>\n\n\n\n<p>Este hoje \u00e9 conhecido como autismo de n\u00edvel 3, o grau com maior necessidade de suporte.<\/p>\n\n\n\n<p><strong>J\u00e1 Asperger definiu o autismo de maneira mais ampla, englobando crian\u00e7as que hoje estariam inclu\u00eddas nos n\u00edveis 1 e 2<\/strong>. Elas poderiam frequentar escolas regularmente e falar com flu\u00eancia, mas <strong>possu\u00edam intera\u00e7\u00e3o social baixa, defici\u00eancia de afeto, pouca resist\u00eancia \u00e0 frustra\u00e7\u00e3o etc<\/strong>.<\/p>\n\n\n\n<h2 class=\"wp-block-heading\">Contexto das descobertas do autismo<\/h2>\n\n\n\n<p>A diferen\u00e7a entre as defini\u00e7\u00f5es de Leo Kanner e Hans Asperger se deve, em partes, ao contexto em que eles estavam quando elaboraram suas teses.<\/p>\n\n\n\n<p><strong>Kanner trabalhava no Johns Hopkins, nos Estados Unidos, que tem uma cultura mais individualista<\/strong>. Asperger iniciou seus trabalhos ap\u00f3s a anexa\u00e7\u00e3o do seu pa\u00eds, a \u00c1ustria, pelos nazistas e a ades\u00e3o quase geral \u00e0 ideologia eugenista que eles pregavam.<\/p>\n\n\n\n<p>Edith Sheffer diz que <strong>os nazistas tinham como objetivo criar uma comunidade nacional integrada, em que o indiv\u00edduo seria absorvido pelo coletivo<\/strong>. Todos aqueles que apresentassem impedimentos para isso precisariam passar por programas de reabilita\u00e7\u00e3o social.<\/p>\n\n\n\n<p><strong>Foi neste contexto que Asperger deu in\u00edcio a suas pesquisas<\/strong> com crian\u00e7as com pouca ou nenhuma iniciativa de socializa\u00e7\u00e3o, ensimesmadas, <strong>e utilizou o termo autismo como diagn\u00f3stico patol\u00f3gico para elas, destacando a preval\u00eancia em meninos, que apresentam falta de empatia, baixa capacidade de fazer amizades, conversa\u00e7\u00e3o unilateral, foco intenso e movimentos descoordenados.<\/strong><\/p>\n\n\n\n<p>Entenda mais sobre o contexto da descoberta do autismo:<\/p>\n\n\n\n<ul>\n<li><a href=\"https:\/\/beduka.com\/blog\/materias\/historia\/o-que-foi-a-segunda-guerra-mundial\/\" target=\"_blank\" rel=\"noreferrer noopener\">O que foi a Segunda Guerra Mundial?<\/a><\/li>\n<\/ul>\n\n\n\n<p>Gostou de saber quem descobriu o autismo? Conta pra gente o que achou nos coment\u00e1rios.<\/p>\n\n\n\n<p><strong>Obrigado por ter lido at\u00e9 aqui!<\/strong><\/p>\n","protected":false},"excerpt":{"rendered":"<p>O termo autismo foi utilizado clinicamente pela primeira pelo psiquiatra su\u00ed\u00e7o Eugen Bleuler, em 1908. No entanto, seu uso n\u00e3o foi para descrever um transtorno, mas uma caracter\u00edstica que pacientes esquizofr\u00eanicos apresentam. Somente na d\u00e9cada de 1940 \u00e9 que o autismo passou a servir como diagn\u00f3stico independente, englobando tra\u00e7os como a dificuldade de socializa\u00e7\u00e3o, rigidez [&hellip;]<\/p>\n","protected":false},"author":18,"featured_media":33617,"comment_status":"open","ping_status":"closed","sticky":false,"template":"","format":"standard","meta":{"_mi_skip_tracking":false,"_monsterinsights_sitenote_active":false,"_monsterinsights_sitenote_note":"","_monsterinsights_sitenote_category":0},"categories":[491],"tags":[],"yoast_head":"<!-- This site is optimized with the Yoast SEO plugin v20.10 - https:\/\/yoast.com\/wordpress\/plugins\/seo\/ -->\n<title>Quem descobriu o Autismo? Entenda o contexto da descoberta<\/title>\n<meta name=\"description\" content=\"O Autismo \u00e9 um transtorno do neurodesenvolvimento descoberto em 1943 por dois m\u00e9dicos que tra\u00e7aram caminhos diversos para chegar a um...\" \/>\n<meta name=\"robots\" content=\"index, follow, max-snippet:-1, max-image-preview:large, max-video-preview:-1\" \/>\n<link rel=\"canonical\" href=\"https:\/\/beduka.com\/blog\/materias\/historia\/quem-descobriu-o-autismo\/\" \/>\n<meta property=\"og:locale\" content=\"pt_BR\" \/>\n<meta property=\"og:type\" content=\"article\" \/>\n<meta property=\"og:title\" content=\"Quem descobriu o Autismo? Entenda o contexto da descoberta\" \/>\n<meta property=\"og:description\" content=\"O Autismo \u00e9 um transtorno do neurodesenvolvimento descoberto em 1943 por dois m\u00e9dicos que tra\u00e7aram caminhos diversos para chegar a um...\" \/>\n<meta property=\"og:url\" content=\"https:\/\/beduka.com\/blog\/materias\/historia\/quem-descobriu-o-autismo\/\" \/>\n<meta property=\"og:site_name\" content=\"Blog do Beduka | Mat\u00e9rias resumidas, Dicas e Exerc\u00edcios Enem\" \/>\n<meta property=\"article:publisher\" content=\"https:\/\/www.facebook.com\/beduka.buscadordefaculdades\/\" \/>\n<meta property=\"article:author\" content=\"https:\/\/www.facebook.com\/beduka.buscadordefaculdades\" \/>\n<meta property=\"article:published_time\" content=\"2025-07-16T09:38:59+00:00\" \/>\n<meta property=\"article:modified_time\" content=\"2025-08-11T19:31:11+00:00\" \/>\n<meta property=\"og:image\" content=\"https:\/\/beduka.com\/blog\/wp-content\/uploads\/2025\/08\/quem-descobriu-o-autismo.webp\" \/>\n\t<meta property=\"og:image:width\" content=\"1200\" \/>\n\t<meta property=\"og:image:height\" content=\"500\" \/>\n\t<meta property=\"og:image:type\" content=\"image\/webp\" \/>\n<meta name=\"author\" content=\"Reda\u00e7\u00e3o Beduka\" \/>\n<meta name=\"twitter:card\" content=\"summary_large_image\" \/>\n<meta name=\"twitter:label1\" content=\"Escrito por\" \/>\n\t<meta name=\"twitter:data1\" content=\"Reda\u00e7\u00e3o Beduka\" \/>\n\t<meta name=\"twitter:label2\" content=\"Est. tempo de leitura\" \/>\n\t<meta name=\"twitter:data2\" content=\"5 minutos\" \/>\n<script type=\"application\/ld+json\" class=\"yoast-schema-graph\">{\"@context\":\"https:\/\/schema.org\",\"@graph\":[{\"@type\":\"Article\",\"@id\":\"https:\/\/beduka.com\/blog\/materias\/historia\/quem-descobriu-o-autismo\/#article\",\"isPartOf\":{\"@id\":\"https:\/\/beduka.com\/blog\/materias\/historia\/quem-descobriu-o-autismo\/\"},\"author\":{\"name\":\"Reda\u00e7\u00e3o Beduka\",\"@id\":\"https:\/\/beduka.com\/blog\/#\/schema\/person\/a642c9aad29bdea97a352689b053f80f\"},\"headline\":\"Quem descobriu o autismo?\",\"datePublished\":\"2025-07-16T09:38:59+00:00\",\"dateModified\":\"2025-08-11T19:31:11+00:00\",\"mainEntityOfPage\":{\"@id\":\"https:\/\/beduka.com\/blog\/materias\/historia\/quem-descobriu-o-autismo\/\"},\"wordCount\":977,\"commentCount\":0,\"publisher\":{\"@id\":\"https:\/\/beduka.com\/blog\/#organization\"},\"articleSection\":[\"Hist\u00f3ria\"],\"inLanguage\":\"pt-BR\",\"potentialAction\":[{\"@type\":\"CommentAction\",\"name\":\"Comment\",\"target\":[\"https:\/\/beduka.com\/blog\/materias\/historia\/quem-descobriu-o-autismo\/#respond\"]}]},{\"@type\":\"WebPage\",\"@id\":\"https:\/\/beduka.com\/blog\/materias\/historia\/quem-descobriu-o-autismo\/\",\"url\":\"https:\/\/beduka.com\/blog\/materias\/historia\/quem-descobriu-o-autismo\/\",\"name\":\"Quem descobriu o Autismo? Entenda o contexto da descoberta\",\"isPartOf\":{\"@id\":\"https:\/\/beduka.com\/blog\/#website\"},\"datePublished\":\"2025-07-16T09:38:59+00:00\",\"dateModified\":\"2025-08-11T19:31:11+00:00\",\"description\":\"O Autismo \u00e9 um transtorno do neurodesenvolvimento descoberto em 1943 por dois m\u00e9dicos que tra\u00e7aram caminhos diversos para chegar a um...\",\"breadcrumb\":{\"@id\":\"https:\/\/beduka.com\/blog\/materias\/historia\/quem-descobriu-o-autismo\/#breadcrumb\"},\"inLanguage\":\"pt-BR\",\"potentialAction\":[{\"@type\":\"ReadAction\",\"target\":[\"https:\/\/beduka.com\/blog\/materias\/historia\/quem-descobriu-o-autismo\/\"]}]},{\"@type\":\"BreadcrumbList\",\"@id\":\"https:\/\/beduka.com\/blog\/materias\/historia\/quem-descobriu-o-autismo\/#breadcrumb\",\"itemListElement\":[{\"@type\":\"ListItem\",\"position\":1,\"name\":\"Home\",\"item\":\"https:\/\/beduka.com\/blog\/\"},{\"@type\":\"ListItem\",\"position\":2,\"name\":\"Quem descobriu o autismo?\"}]},{\"@type\":\"WebSite\",\"@id\":\"https:\/\/beduka.com\/blog\/#website\",\"url\":\"https:\/\/beduka.com\/blog\/\",\"name\":\"Blog do Beduka | Mat\u00e9rias resumidas, Dicas e Exerc\u00edcios Enem\",\"description\":\"O Blog do Beduka tem os conte\u00fados que mais caem no Enem, exerc\u00edcios de vestibular com gabarito, resumos, dicas e informa\u00e7\u00f5es Sisu, Prouni e Fies.Encontre dicas para o ENEM, resumos, exerc\u00edcios e informa\u00e7\u00f5es sobre os vestibulares. Acesse agora!\",\"publisher\":{\"@id\":\"https:\/\/beduka.com\/blog\/#organization\"},\"potentialAction\":[{\"@type\":\"SearchAction\",\"target\":{\"@type\":\"EntryPoint\",\"urlTemplate\":\"https:\/\/beduka.com\/blog\/?s={search_term_string}\"},\"query-input\":\"required name=search_term_string\"}],\"inLanguage\":\"pt-BR\"},{\"@type\":\"Organization\",\"@id\":\"https:\/\/beduka.com\/blog\/#organization\",\"name\":\"Beduka\",\"url\":\"https:\/\/beduka.com\/blog\/\",\"logo\":{\"@type\":\"ImageObject\",\"inLanguage\":\"pt-BR\",\"@id\":\"https:\/\/beduka.com\/blog\/#\/schema\/logo\/image\/\",\"url\":\"https:\/\/beduka.com\/blog\/wp-content\/uploads\/2020\/06\/marca-beduka.png\",\"contentUrl\":\"https:\/\/beduka.com\/blog\/wp-content\/uploads\/2020\/06\/marca-beduka.png\",\"width\":1077,\"height\":368,\"caption\":\"Beduka\"},\"image\":{\"@id\":\"https:\/\/beduka.com\/blog\/#\/schema\/logo\/image\/\"},\"sameAs\":[\"https:\/\/www.facebook.com\/beduka.buscadordefaculdades\/\",\"https:\/\/www.instagram.com\/beduka_oficial\/\",\"https:\/\/www.linkedin.com\/company\/beduka\",\"https:\/\/br.pinterest.com\/bedukaoficial\/\",\"https:\/\/www.youtube.com\/beduka\"]},{\"@type\":\"Person\",\"@id\":\"https:\/\/beduka.com\/blog\/#\/schema\/person\/a642c9aad29bdea97a352689b053f80f\",\"name\":\"Reda\u00e7\u00e3o Beduka\",\"image\":{\"@type\":\"ImageObject\",\"inLanguage\":\"pt-BR\",\"@id\":\"https:\/\/beduka.com\/blog\/#\/schema\/person\/image\/\",\"url\":\"https:\/\/secure.gravatar.com\/avatar\/e1048f81c33ef0938237fc66bb9a208d?s=96&d=mm&r=g\",\"contentUrl\":\"https:\/\/secure.gravatar.com\/avatar\/e1048f81c33ef0938237fc66bb9a208d?s=96&d=mm&r=g\",\"caption\":\"Reda\u00e7\u00e3o Beduka\"},\"description\":\"Este conte\u00fado foi criado e validado por uma equipe multidisciplinar, formada por especialistas em cada \u00e1rea do conhecimento. O Beduka est\u00e1 presente no Instagram, YouTube, LinkedIn e em diversos outros ambientes digitais. O site foi criado em 2017 e, desde a sua funda\u00e7\u00e3o, atua para fornecer materiais de qualidade para facilitar a vida de estudantes de todo o Brasil, ajudando-os a se preparar para os principais vestibulares e o Enem.\",\"sameAs\":[\"https:\/\/www.facebook.com\/beduka.buscadordefaculdades\",\"https:\/\/www.instagram.com\/beduka_oficial\/\",\"https:\/\/br.pinterest.com\/bedukaoficial\/\"],\"url\":\"https:\/\/beduka.com\/blog\/author\/dioney\/\"}]}<\/script>\n<!-- \/ Yoast SEO plugin. -->","yoast_head_json":{"title":"Quem descobriu o Autismo? Entenda o contexto da descoberta","description":"O Autismo \u00e9 um transtorno do neurodesenvolvimento descoberto em 1943 por dois m\u00e9dicos que tra\u00e7aram caminhos diversos para chegar a um...","robots":{"index":"index","follow":"follow","max-snippet":"max-snippet:-1","max-image-preview":"max-image-preview:large","max-video-preview":"max-video-preview:-1"},"canonical":"https:\/\/beduka.com\/blog\/materias\/historia\/quem-descobriu-o-autismo\/","og_locale":"pt_BR","og_type":"article","og_title":"Quem descobriu o Autismo? Entenda o contexto da descoberta","og_description":"O Autismo \u00e9 um transtorno do neurodesenvolvimento descoberto em 1943 por dois m\u00e9dicos que tra\u00e7aram caminhos diversos para chegar a um...","og_url":"https:\/\/beduka.com\/blog\/materias\/historia\/quem-descobriu-o-autismo\/","og_site_name":"Blog do Beduka | Mat\u00e9rias resumidas, Dicas e Exerc\u00edcios Enem","article_publisher":"https:\/\/www.facebook.com\/beduka.buscadordefaculdades\/","article_author":"https:\/\/www.facebook.com\/beduka.buscadordefaculdades","article_published_time":"2025-07-16T09:38:59+00:00","article_modified_time":"2025-08-11T19:31:11+00:00","og_image":[{"width":1200,"height":500,"url":"https:\/\/beduka.com\/blog\/wp-content\/uploads\/2025\/08\/quem-descobriu-o-autismo.webp","type":"image\/webp"}],"author":"Reda\u00e7\u00e3o Beduka","twitter_card":"summary_large_image","twitter_misc":{"Escrito por":"Reda\u00e7\u00e3o Beduka","Est. tempo de leitura":"5 minutos"},"schema":{"@context":"https:\/\/schema.org","@graph":[{"@type":"Article","@id":"https:\/\/beduka.com\/blog\/materias\/historia\/quem-descobriu-o-autismo\/#article","isPartOf":{"@id":"https:\/\/beduka.com\/blog\/materias\/historia\/quem-descobriu-o-autismo\/"},"author":{"name":"Reda\u00e7\u00e3o Beduka","@id":"https:\/\/beduka.com\/blog\/#\/schema\/person\/a642c9aad29bdea97a352689b053f80f"},"headline":"Quem descobriu o autismo?","datePublished":"2025-07-16T09:38:59+00:00","dateModified":"2025-08-11T19:31:11+00:00","mainEntityOfPage":{"@id":"https:\/\/beduka.com\/blog\/materias\/historia\/quem-descobriu-o-autismo\/"},"wordCount":977,"commentCount":0,"publisher":{"@id":"https:\/\/beduka.com\/blog\/#organization"},"articleSection":["Hist\u00f3ria"],"inLanguage":"pt-BR","potentialAction":[{"@type":"CommentAction","name":"Comment","target":["https:\/\/beduka.com\/blog\/materias\/historia\/quem-descobriu-o-autismo\/#respond"]}]},{"@type":"WebPage","@id":"https:\/\/beduka.com\/blog\/materias\/historia\/quem-descobriu-o-autismo\/","url":"https:\/\/beduka.com\/blog\/materias\/historia\/quem-descobriu-o-autismo\/","name":"Quem descobriu o Autismo? Entenda o contexto da descoberta","isPartOf":{"@id":"https:\/\/beduka.com\/blog\/#website"},"datePublished":"2025-07-16T09:38:59+00:00","dateModified":"2025-08-11T19:31:11+00:00","description":"O Autismo \u00e9 um transtorno do neurodesenvolvimento descoberto em 1943 por dois m\u00e9dicos que tra\u00e7aram caminhos diversos para chegar a um...","breadcrumb":{"@id":"https:\/\/beduka.com\/blog\/materias\/historia\/quem-descobriu-o-autismo\/#breadcrumb"},"inLanguage":"pt-BR","potentialAction":[{"@type":"ReadAction","target":["https:\/\/beduka.com\/blog\/materias\/historia\/quem-descobriu-o-autismo\/"]}]},{"@type":"BreadcrumbList","@id":"https:\/\/beduka.com\/blog\/materias\/historia\/quem-descobriu-o-autismo\/#breadcrumb","itemListElement":[{"@type":"ListItem","position":1,"name":"Home","item":"https:\/\/beduka.com\/blog\/"},{"@type":"ListItem","position":2,"name":"Quem descobriu o autismo?"}]},{"@type":"WebSite","@id":"https:\/\/beduka.com\/blog\/#website","url":"https:\/\/beduka.com\/blog\/","name":"Blog do Beduka | Mat\u00e9rias resumidas, Dicas e Exerc\u00edcios Enem","description":"O Blog do Beduka tem os conte\u00fados que mais caem no Enem, exerc\u00edcios de vestibular com gabarito, resumos, dicas e informa\u00e7\u00f5es Sisu, Prouni e Fies.Encontre dicas para o ENEM, resumos, exerc\u00edcios e informa\u00e7\u00f5es sobre os vestibulares. Acesse agora!","publisher":{"@id":"https:\/\/beduka.com\/blog\/#organization"},"potentialAction":[{"@type":"SearchAction","target":{"@type":"EntryPoint","urlTemplate":"https:\/\/beduka.com\/blog\/?s={search_term_string}"},"query-input":"required name=search_term_string"}],"inLanguage":"pt-BR"},{"@type":"Organization","@id":"https:\/\/beduka.com\/blog\/#organization","name":"Beduka","url":"https:\/\/beduka.com\/blog\/","logo":{"@type":"ImageObject","inLanguage":"pt-BR","@id":"https:\/\/beduka.com\/blog\/#\/schema\/logo\/image\/","url":"https:\/\/beduka.com\/blog\/wp-content\/uploads\/2020\/06\/marca-beduka.png","contentUrl":"https:\/\/beduka.com\/blog\/wp-content\/uploads\/2020\/06\/marca-beduka.png","width":1077,"height":368,"caption":"Beduka"},"image":{"@id":"https:\/\/beduka.com\/blog\/#\/schema\/logo\/image\/"},"sameAs":["https:\/\/www.facebook.com\/beduka.buscadordefaculdades\/","https:\/\/www.instagram.com\/beduka_oficial\/","https:\/\/www.linkedin.com\/company\/beduka","https:\/\/br.pinterest.com\/bedukaoficial\/","https:\/\/www.youtube.com\/beduka"]},{"@type":"Person","@id":"https:\/\/beduka.com\/blog\/#\/schema\/person\/a642c9aad29bdea97a352689b053f80f","name":"Reda\u00e7\u00e3o Beduka","image":{"@type":"ImageObject","inLanguage":"pt-BR","@id":"https:\/\/beduka.com\/blog\/#\/schema\/person\/image\/","url":"https:\/\/secure.gravatar.com\/avatar\/e1048f81c33ef0938237fc66bb9a208d?s=96&d=mm&r=g","contentUrl":"https:\/\/secure.gravatar.com\/avatar\/e1048f81c33ef0938237fc66bb9a208d?s=96&d=mm&r=g","caption":"Reda\u00e7\u00e3o Beduka"},"description":"Este conte\u00fado foi criado e validado por uma equipe multidisciplinar, formada por especialistas em cada \u00e1rea do conhecimento. O Beduka est\u00e1 presente no Instagram, YouTube, LinkedIn e em diversos outros ambientes digitais. O site foi criado em 2017 e, desde a sua funda\u00e7\u00e3o, atua para fornecer materiais de qualidade para facilitar a vida de estudantes de todo o Brasil, ajudando-os a se preparar para os principais vestibulares e o Enem.","sameAs":["https:\/\/www.facebook.com\/beduka.buscadordefaculdades","https:\/\/www.instagram.com\/beduka_oficial\/","https:\/\/br.pinterest.com\/bedukaoficial\/"],"url":"https:\/\/beduka.com\/blog\/author\/dioney\/"}]}},"_links":{"self":[{"href":"https:\/\/beduka.com\/blog\/wp-json\/wp\/v2\/posts\/33618"}],"collection":[{"href":"https:\/\/beduka.com\/blog\/wp-json\/wp\/v2\/posts"}],"about":[{"href":"https:\/\/beduka.com\/blog\/wp-json\/wp\/v2\/types\/post"}],"author":[{"embeddable":true,"href":"https:\/\/beduka.com\/blog\/wp-json\/wp\/v2\/users\/18"}],"replies":[{"embeddable":true,"href":"https:\/\/beduka.com\/blog\/wp-json\/wp\/v2\/comments?post=33618"}],"version-history":[{"count":1,"href":"https:\/\/beduka.com\/blog\/wp-json\/wp\/v2\/posts\/33618\/revisions"}],"predecessor-version":[{"id":33620,"href":"https:\/\/beduka.com\/blog\/wp-json\/wp\/v2\/posts\/33618\/revisions\/33620"}],"wp:featuredmedia":[{"embeddable":true,"href":"https:\/\/beduka.com\/blog\/wp-json\/wp\/v2\/media\/33617"}],"wp:attachment":[{"href":"https:\/\/beduka.com\/blog\/wp-json\/wp\/v2\/media?parent=33618"}],"wp:term":[{"taxonomy":"category","embeddable":true,"href":"https:\/\/beduka.com\/blog\/wp-json\/wp\/v2\/categories?post=33618"},{"taxonomy":"post_tag","embeddable":true,"href":"https:\/\/beduka.com\/blog\/wp-json\/wp\/v2\/tags?post=33618"}],"curies":[{"name":"wp","href":"https:\/\/api.w.org\/{rel}","templated":true}]}}