{"id":33666,"date":"2025-09-01T22:39:11","date_gmt":"2025-09-02T01:39:11","guid":{"rendered":"https:\/\/beduka.com\/blog\/?p=33666"},"modified":"2025-09-01T22:39:11","modified_gmt":"2025-09-02T01:39:11","slug":"exercicios-sobre-filosofia-medieval","status":"publish","type":"post","link":"https:\/\/beduka.com\/blog\/exercicios\/filosofia-exercicios\/exercicios-sobre-filosofia-medieval\/","title":{"rendered":"Exerc\u00edcios sobre Filosofia Medieval com Resumo e Gabarito"},"content":{"rendered":"\n<p><strong>A Filosofia Medieval se desenvolveu na Europa entre os s\u00e9culos V e XIV<\/strong>, per\u00edodo conhecido como<a href=\"https:\/\/beduka.com\/blog\/materias\/historia\/o-que-foi-a-idade-media\/\" target=\"_blank\" rel=\"noreferrer noopener\"> Idade M\u00e9dia<\/a>, e ficou ligada \u00e0 expans\u00e3o do Cristianismo sobre o continente, sendo muito cobrada em exerc\u00edcios escolares e quest\u00f5es de vestibular.<\/p>\n\n\n\n<p>Ela possui como caracter\u00edsticas principais:<\/p>\n\n\n\n<ul>\n<li>Inspira\u00e7\u00e3o na <a href=\"https:\/\/beduka.com\/blog\/materias\/filosofia\/filosofia-classica\/\" target=\"_blank\" rel=\"noreferrer noopener\">filosofia cl\u00e1ssica<\/a> (greco-romana);<\/li>\n\n\n\n<li>Busca da uni\u00e3o entre f\u00e9 e raz\u00e3o;<\/li>\n\n\n\n<li>Explica\u00e7\u00f5es sobre a natureza humana;<\/li>\n\n\n\n<li>Disputas intelectuais para chegar \u00e0 verdade;<\/li>\n\n\n\n<li>Compreens\u00e3o cosmol\u00f3gica atrelada \u00e0 antiguidade.<\/li>\n<\/ul>\n\n\n\n<p>A filosofia medieval se divide em duas: <strong>a patr\u00edstica e a escol\u00e1stica<\/strong>.<\/p>\n\n\n\n<p>Os <a href=\"https:\/\/beduka.com\/blog\/materias\/filosofia\/o-que-e-patristica\/\" target=\"_blank\" rel=\"noreferrer noopener\">fil\u00f3sofos patr\u00edsticos<\/a> se preocuparam em desenvolver uma doutrina com base na B\u00edblia e nos di\u00e1logos plat\u00f4nicos. O grande nome deste per\u00edodo foi <a href=\"https:\/\/beduka.com\/blog\/materias\/filosofia\/as-principais-ideias-de-santo-agostinho\/\" target=\"_blank\" rel=\"noreferrer noopener\">Santo Agostinho<\/a>.<\/p>\n\n\n\n<p>A <a href=\"https:\/\/beduka.com\/blog\/materias\/filosofia\/filosofia-escolastica\/\" target=\"_blank\" rel=\"noreferrer noopener\">escol\u00e1stica<\/a> se iniciou por volta do s\u00e9culo X, quando o Cristianismo j\u00e1 era dominante em grande parte da Europeu. \u00c9 conhecida pelos grandes debates tanto orais quanto escritos, pela predomin\u00e2ncia da l\u00f3gica e pelas Sumas (livros que resumiam pensamentos e discuss\u00f5es). O grande nome desta fase foi <a href=\"https:\/\/beduka.com\/blog\/materias\/filosofia\/quem-foi-santo-tomas-de-aquino\/\" target=\"_blank\" rel=\"noreferrer noopener\">Santo Tom\u00e1s de Aquino<\/a>.<\/p>\n\n\n\n<p>Inclusive, quando se fala de filosofia medieval, em geral, o que se tem em mente \u00e9 a escol\u00e1stica.<\/p>\n\n\n\n<p>A seguir, teste seus conhecimentos com os exerc\u00edcios sobre filosofia medieval que separamos.<\/p>\n\n\n\n<p>Eles foram cobrados nos principais vestibulares do pa\u00eds e v\u00e3o te dar uma no\u00e7\u00e3o de como este tema importante \u00e9 cobrado nas provas.<\/p>\n\n\n\n<p>Ent\u00e3o pegue caderno e caneta e comece a exercitar sua intelig\u00eancia e sua mem\u00f3ria!<\/p>\n\n\n\n<h2 class=\"wp-block-heading\">Exerc\u00edcios sobre filosofia medieval<\/h2>\n\n\n\n<p><strong>Quest\u00e3o 01 sobre filosofia medieval \u2013 (Faap)<\/strong> A doutrina de Plat\u00e3o influenciou os primeiros fil\u00f3sofos medievais, Santo Agostinho, bispo de Hipona (354 a 430) e Bo\u00e9cio (480 a 524), autores de &#8220;Confiss\u00f5es&#8221; e &#8220;Consola\u00e7\u00e3o da Filosofia&#8221;, respectivamente. Mas a Filosofia que predominou na Idade M\u00e9dia foi a:<\/p>\n\n\n\n<p><strong>a) <\/strong>Sof\u00edstica<\/p>\n\n\n\n<p><strong>b)<\/strong> Epicurista<\/p>\n\n\n\n<p><strong>c)<\/strong> Escol\u00e1stica<\/p>\n\n\n\n<p><strong>d)<\/strong> Existencialista<\/p>\n\n\n\n<p><strong>e) <\/strong>Fenomenol\u00f3gica<\/p>\n\n\n\n<p><strong>Quest\u00e3o 02 sobre Filosofia Medieval \u2013 (Uff 2012) <\/strong>A grande contribui\u00e7\u00e3o de Tom\u00e1s de Aquino para a vida intelectual foi a de valorizar a intelig\u00eancia humana e sua capacidade de alcan\u00e7ar a verdade por meio da raz\u00e3o natural, inclusive a respeito de certas quest\u00f5es da religi\u00e3o. Discorrendo sobre a \u201cpossibilidade de descobrir a verdade divina\u201d, ele diz que h\u00e1 duas modalidades de verdade acerca de Deus. A primeira refere-se a verdades da revela\u00e7\u00e3o que a raz\u00e3o humana n\u00e3o consegue alcan\u00e7ar, por exemplo, entender como \u00e9 poss\u00edvel Deus ser uno e trino. A segunda modalidade \u00e9 composta de verdades que a raz\u00e3o pode atingir, por exemplo, que Deus existe. A partir dessa cita\u00e7\u00e3o, indique a afirmativa que melhor expressa o pensamento de Tom\u00e1s de Aquino.<\/p>\n\n\n\n<p><strong>a)<\/strong> A f\u00e9 \u00e9 o \u00fanico meio do ser humano chegar \u00e0 verdade.<\/p>\n\n\n\n<p><strong>b)<\/strong> O ser humano s\u00f3 alcan\u00e7a o conhecimento gra\u00e7as \u00e0 revela\u00e7\u00e3o da verdade que Deus lhe concede.<\/p>\n\n\n\n<p><strong>c)<\/strong> Mesmo limitada, a raz\u00e3o humana \u00e9 capaz de alcan\u00e7ar certas verdades por seus meios naturais.<\/p>\n\n\n\n<p><strong>d)<\/strong> A Filosofia \u00e9 capaz de alcan\u00e7ar todas as verdades acerca de Deus.<\/p>\n\n\n\n<p><strong>e)<\/strong> Deus \u00e9 um ser absolutamente misterioso e o ser humano nada pode conhecer d\u2019Ele.<\/p>\n\n\n\n<p><strong>Quest\u00e3o 03 sobre Filosofia Medieval \u2013 (Uncisal 2011)<\/strong> Uma das preocupa\u00e7\u00f5es de certa escola filos\u00f3fica consistiu em provar que as ideias plat\u00f4nicas ou os g\u00eaneros e esp\u00e9cies aristot\u00e9licos s\u00e3o subst\u00e2ncias reais, criadas pelo intelecto e vontade de Deus, existindo na mente divina. Reflex\u00f5es dessa natureza foram realizadas majoritariamente no per\u00edodo da hist\u00f3ria da filosofia:<\/p>\n\n\n\n<p><strong>a)<\/strong> Pr\u00e9-socr\u00e1tico.<\/p>\n\n\n\n<p><strong>b) <\/strong>Antigo.<\/p>\n\n\n\n<p><strong>c)<\/strong> Medieval.<\/p>\n\n\n\n<p><strong>d)<\/strong> Moderno.<\/p>\n\n\n\n<p><strong>e)<\/strong> Contempor\u00e2neo.<\/p>\n\n\n\n<p><strong>Quest\u00e3o 04 sobre filosofia medieval \u2013 (Ufu 2010)<\/strong> A filosofia de Agostinho (354 \u2013 430) \u00e9 estreitamente devedora do platonismo crist\u00e3o milan\u00eas: foi nas tradu\u00e7\u00f5es de M\u00e1rio Vitorino que leu os textos de Plotino e de Porf\u00edrio, cujo espiritualismo devia aproxim\u00e1-lo do cristianismo. Ouvindo serm\u00f5es de Ambr\u00f3sio, influenciados por Plotino, que Agostinho venceu suas \u00faltimas resist\u00eancias (de tornar-se crist\u00e3o).<\/p>\n\n\n\n<p>(PEPIN, Jean. Santo Agostinho e a patr\u00edstica ocidental. In: CH\u00c2TELET, Fran\u00e7ois (org.) A Filosofia medieval. Rio de Janeiro Zahar Editores: 1983, p.77.)<\/p>\n\n\n\n<p>&nbsp;Apesar de ter sido influenciado pela filosofia de Plat\u00e3o, por meio dos escritos de Plotino, o pensamento de Agostinho apresenta muitas diferen\u00e7as se comparado ao pensamento de Plat\u00e3o. Assinale a alternativa que apresenta, corretamente, uma dessas diferen\u00e7as:<\/p>\n\n\n\n<p><strong>a) <\/strong>Para Agostinho, \u00e9 poss\u00edvel ao ser humano obter o conhecimento verdadeiro, enquanto, para Plat\u00e3o, a verdade a respeito do mundo \u00e9 inacess\u00edvel ao ser humano.<\/p>\n\n\n\n<p><strong>b)<\/strong> Para Plat\u00e3o, a verdadeira realidade encontra-se no mundo das Ideias, enquanto para Agostinho n\u00e3o existe nenhuma realidade al\u00e9m do mundo natural em que vivemos.<\/p>\n\n\n\n<p><strong>c)<\/strong> Para Agostinho, a alma \u00e9 imortal, enquanto para Plat\u00e3o a alma n\u00e3o \u00e9 imortal, j\u00e1 que \u00e9 apenas a forma do corpo.<\/p>\n\n\n\n<p><strong>d)<\/strong> Para Plat\u00e3o, o conhecimento \u00e9, na verdade, reminisc\u00eancia, a alma reconhece as Ideias que ela contemplou antes de nascer; Agostinho diz que o conhecimento \u00e9 resultado da Ilumina\u00e7\u00e3o divina, a centelha de Deus que existe em cada um.<\/p>\n\n\n\n<ul>\n<li><strong>Muito bem!<\/strong> Metade dos exerc\u00edcios sobre filosofia medieval j\u00e1 foram vencidos. Continue com o bom trabalho.<\/li>\n<\/ul>\n\n\n\n<p><strong>Quest\u00e3o 05 sobre filosofia medieval \u2013&nbsp; (UECE)<\/strong> \u201c\u00c9 a f\u00e9 declarada que, de certo modo, inicia o conhecimento. O conhecimento perfeito somente ser\u00e1 realidade depois desta vida. A respeito das verdades que devemos crer, n\u00e3o duvidemos. A respeito das verdades a serem entendidas, nada afirmemos com pressa. Naquelas coisas da f\u00e9, apoiemo-nos na autoridade; nas do entendimento, procuremos a verdade.\u201daxioma<\/p>\n\n\n\n<p>AGOSTINHO. A trindade, IX, 1. S\u00e3o Paulo: Paulus, 1994. \u2013 Adaptado.<\/p>\n\n\n\n<p>Considerando o trecho acima apresentado, \u00e9 correto afirmar que, para Santo Agostinho,<\/p>\n\n\n\n<p><strong>a)<\/strong> f\u00e9 e raz\u00e3o se separam, pois uma vem da autoridade, outra do entendimento humano.<\/p>\n\n\n\n<p><strong>b) <\/strong>a f\u00e9 possibilita um conhecimento pela raz\u00e3o humana, que n\u00e3o haveria sem aquela.<\/p>\n\n\n\n<p><strong>c)<\/strong> tanto a f\u00e9 sem raz\u00e3o quanto a raz\u00e3o sem f\u00e9 chegam \u00e0s mesmas verdades sobre Deus.<\/p>\n\n\n\n<p><strong>d)<\/strong> n\u00e3o \u00e9 poss\u00edvel nenhum conhecimento de Deus pelo homem, s\u00f3 no momento da gl\u00f3ria.<\/p>\n\n\n\n<p><strong>Quest\u00e3o 06 sobre filosofia medieval \u2013 (UFMS)<\/strong> A Idade M\u00e9dia foi rotulada pelos pensadores renascentistas como a \u201cIdade das Trevas\u201d, em virtude da domina\u00e7\u00e3o religiosa e do atraso nas artes, na ci\u00eancia e na filosofia.<\/p>\n\n\n\n<p>Assinale a alternativa correta quanto \u00e0 apresenta\u00e7\u00e3o da produ\u00e7\u00e3o filos\u00f3fica de destaque nesse per\u00edodo hist\u00f3rico e que permite oposi\u00e7\u00e3o \u00e0 ideia de \u201cIdade das Trevas\u201d.<\/p>\n\n\n\n<p><strong>a)<\/strong> Os escritos filos\u00f3ficos de Agostinho sobre a teoria da ilumina\u00e7\u00e3o divina que refuta a presen\u00e7a de Deus na alma e exalta o \u201colho do esp\u00edrito\u201d como a lente da raz\u00e3o humana.<\/p>\n\n\n\n<p><strong>b)<\/strong> Os escritos filos\u00f3ficos de Agostinho sobre a teoria da ilumina\u00e7\u00e3o divina, em que o conhecimento \u00e9 resultado dos olhos interiores e da manifesta\u00e7\u00e3o da verdade de Deus.<\/p>\n\n\n\n<p><strong>c)<\/strong> Os escritos filos\u00f3ficos de Agostinho sobre a teoria da ilumina\u00e7\u00e3o divina, que condiciona a vontade ao mundo exterior, lugar em que est\u00e1 a verdade.<\/p>\n\n\n\n<p><strong>d) <\/strong>Os escritos filos\u00f3ficos de Agostinho sobre a teoria da ilumina\u00e7\u00e3o divina que refuta a presen\u00e7a de Deus na alma por estar a verdade na raz\u00e3o humana.<\/p>\n\n\n\n<p><strong>e)<\/strong> Os escritos filos\u00f3ficos de Agostinho sobre a teoria da ilumina\u00e7\u00e3o racional que apregoa a superioridade do corpo sobre a alma com afastamento do interior do divino.<\/p>\n\n\n\n<p><strong>Quest\u00e3o 07 sobre filosofia medieval \u2013 (FGV<\/strong>) A forma\u00e7\u00e3o escol\u00e1stica na Idade M\u00e9dia inclu\u00eda um m\u00e9todo estruturado de discuss\u00e3o. Este m\u00e9todo, composto por uma quest\u00e3o, argumentos contradit\u00f3rios e uma resolu\u00e7\u00e3o foi chamado de<\/p>\n\n\n\n<p><strong>a)<\/strong> Post hoc.&nbsp;<\/p>\n\n\n\n<p><strong>b) <\/strong>Modus ponens.&nbsp;<\/p>\n\n\n\n<p><strong>c) <\/strong>Sed contra.<\/p>\n\n\n\n<p><strong>d) <\/strong>Quaestio disputata.<\/p>\n\n\n\n<p><strong>e) <\/strong>Tabula rasa.<\/p>\n\n\n\n<p><strong>Quest\u00e3o 08 sobre filosofia medieval \u2013 (Enem, 2018)<\/strong> N\u00e3o \u00e9 verdade que est\u00e3o ainda cheios de velhice espiritual aqueles que nos dizem: \u201cQue fazia Deus antes de criar o c\u00e9u e a terra? Se estava ocioso e nada realizava\u201d, dizem eles, \u201cpor que n\u00e3o ficou sempre assim no decurso dos s\u00e9culos, abstendo-se, como antes, de toda a\u00e7\u00e3o? Se existiu em Deus um novo movimento, uma vontade nova para dar o ser a criaturas que nunca antes criara, como pode haver verdadeira eternidade, se n\u2019Ele aparece uma vontade que antes n\u00e3o existia?\u201d<\/p>\n\n\n\n<p>(AGOSTINHO. Confiss\u00f5es. S\u00e3o Paulo: Abril Cultural, 1984)<\/p>\n\n\n\n<p>A quest\u00e3o da eternidade, tal como abordada pelo autor, \u00e9 um exemplo da reflex\u00e3o filos\u00f3fica<\/p>\n\n\n\n<p>sobre a(s):<\/p>\n\n\n\n<p><strong>a)<\/strong> ess\u00eancia da \u00e9tica crist\u00e3.<\/p>\n\n\n\n<p><strong>b)<\/strong> natureza universal da tradi\u00e7\u00e3o.<\/p>\n\n\n\n<p><strong>c)<\/strong> certezas inabal\u00e1veis da experi\u00eancia.<\/p>\n\n\n\n<p><strong>d)<\/strong> abrang\u00eancia da compreens\u00e3o humana.<\/p>\n\n\n\n<p><strong>e)<\/strong> interpreta\u00e7\u00f5es da realidade circundante.<\/p>\n\n\n\n<p>Parab\u00e9ns! Voc\u00ea fez todos os exerc\u00edcios sobre filosofia medieval. Agora veja quantas acertou com o gabarito:<\/p>\n\n\n\n<h2 class=\"wp-block-heading\">Gabarito dos exerc\u00edcios sobre filosofia medieval<\/h2>\n\n\n\n<p>Abaixo est\u00e3o as respostas das quest\u00f5es sobre a filosofia da idade m\u00e9dia. Esperamos que voc\u00ea tenha acertado todas!<\/p>\n\n\n\n<p><strong>Exerc\u00edcio resolvido da quest\u00e3o 1 &#8211;<\/strong><\/p>\n\n\n\n<p>Alternativa correta: letra <strong>c)<\/strong> Escol\u00e1stica<\/p>\n\n\n\n<p><strong>Exerc\u00edcio resolvido da quest\u00e3o 2 &#8211;<\/strong><\/p>\n\n\n\n<p>alternativa correta: letra <strong>c)<\/strong> Mesmo limitada, a raz\u00e3o humana \u00e9 capaz de alcan\u00e7ar certas verdades por seus meios naturais.<\/p>\n\n\n\n<p><strong>Exerc\u00edcio resolvido da quest\u00e3o 3 &#8211;<\/strong><\/p>\n\n\n\n<p>Alternativa correta: letra <strong>c)<\/strong> Medieval.<\/p>\n\n\n\n<p><strong>Exerc\u00edcio resolvido da quest\u00e3o 4 &#8211;<\/strong><\/p>\n\n\n\n<p>Alternativa correta: letra <strong>d)<\/strong> Para Plat\u00e3o, o conhecimento \u00e9, na verdade, reminisc\u00eancia, a alma reconhece as Ideias que ela contemplou antes de nascer; Agostinho diz que o conhecimento \u00e9 resultado da Ilumina\u00e7\u00e3o divina, a centelha de Deus que existe em cada um.<\/p>\n\n\n\n<p><strong>Exerc\u00edcio resolvido da quest\u00e3o 5 &#8211;<\/strong><\/p>\n\n\n\n<p>Alternativa correta: letra <strong>b) <\/strong>a f\u00e9 possibilita um conhecimento pela raz\u00e3o humana, que n\u00e3o haveria sem aquela.<\/p>\n\n\n\n<p><strong>Exerc\u00edcio resolvido da quest\u00e3o 6 &#8211;<\/strong><\/p>\n\n\n\n<p>Alternativa correta: letra <strong>b)<\/strong> Os escritos filos\u00f3ficos de Agostinho sobre a teoria da ilumina\u00e7\u00e3o divina, em que o conhecimento \u00e9 resultado dos olhos interiores e da manifesta\u00e7\u00e3o da verdade de Deus.<\/p>\n\n\n\n<p><strong>Exerc\u00edcio resolvido da quest\u00e3o 7 &#8211;<\/strong><\/p>\n\n\n\n<p>Alternativa correta: letra <strong>d) <\/strong>Quaestio disputata.<\/p>\n\n\n\n<p><strong>Exerc\u00edcio resolvido da quest\u00e3o 8 &#8211;<\/strong><\/p>\n\n\n\n<p>Alternativa correta: letra <strong>d)<\/strong> abrang\u00eancia da compreens\u00e3o humana.<\/p>\n\n\n\n<p>Fa\u00e7a tamb\u00e9m exerc\u00edcios sobre:<\/p>\n\n\n\n<ul>\n<li><a href=\"https:\/\/beduka.com\/blog\/exercicios\/filosofia-exercicios\/questoes-sobre-a-patristica\/\" target=\"_blank\" rel=\"noreferrer noopener\">Patr\u00edstica<\/a><\/li>\n\n\n\n<li><a href=\"https:\/\/beduka.com\/blog\/exercicios\/historia-exercicios\/questoes-sobre-idade-media\/\" target=\"_blank\" rel=\"noreferrer noopener\">Idade M\u00e9dia<\/a><\/li>\n\n\n\n<li><a href=\"https:\/\/beduka.com\/blog\/exercicios\/filosofia-exercicios\/exercicios-sobre-escolastica\/\" target=\"_blank\" rel=\"noreferrer noopener\">Escol\u00e1stica<\/a><\/li>\n\n\n\n<li><a href=\"https:\/\/beduka.com\/blog\/exercicios\/historia-exercicios\/resumo-e-exercicios-sobre-feudalismo\/\" target=\"_blank\" rel=\"noreferrer noopener\">Feudalismo<\/a>.<\/li>\n<\/ul>\n\n\n\n<p>Estude para o Enem com o <a href=\"https:\/\/beduka.com\/simulado\" target=\"_blank\" rel=\"noreferrer noopener\">Simulado Beduka.<\/a> <strong>\u00c9 gratuito!<\/strong><\/p>\n\n\n\n<p><strong>Gostou da nossa sele\u00e7\u00e3o de exerc\u00edcios sobre filosofia medieval? <\/strong>Compartilhe com os seus amigos e comente abaixo quantas voc\u00ea acertou!<\/p>\n","protected":false},"excerpt":{"rendered":"<p>A Filosofia Medieval se desenvolveu na Europa entre os s\u00e9culos V e XIV, per\u00edodo conhecido como Idade M\u00e9dia, e ficou ligada \u00e0 expans\u00e3o do Cristianismo sobre o continente, sendo muito cobrada em exerc\u00edcios escolares e quest\u00f5es de vestibular. Ela possui como caracter\u00edsticas principais: A filosofia medieval se divide em duas: a patr\u00edstica e a escol\u00e1stica. [&hellip;]<\/p>\n","protected":false},"author":18,"featured_media":33665,"comment_status":"open","ping_status":"closed","sticky":false,"template":"","format":"standard","meta":{"_mi_skip_tracking":false,"_monsterinsights_sitenote_active":false,"_monsterinsights_sitenote_note":"","_monsterinsights_sitenote_category":0},"categories":[608],"tags":[],"yoast_head":"<!-- This site is optimized with the Yoast SEO plugin v20.10 - https:\/\/yoast.com\/wordpress\/plugins\/seo\/ -->\n<title>Exerc\u00edcios sobre Filosofia Medieval com Resumo e Gabarito - Blog do Beduka | Mat\u00e9rias resumidas, Dicas e Exerc\u00edcios Enem<\/title>\n<meta name=\"robots\" content=\"index, follow, max-snippet:-1, max-image-preview:large, max-video-preview:-1\" \/>\n<link rel=\"canonical\" href=\"https:\/\/beduka.com\/blog\/uncategorized\/exercicios-sobre-filosofia-medieval\/\" \/>\n<meta property=\"og:locale\" content=\"pt_BR\" \/>\n<meta property=\"og:type\" content=\"article\" \/>\n<meta property=\"og:title\" content=\"Exerc\u00edcios sobre Filosofia Medieval com Resumo e Gabarito - Blog do Beduka | Mat\u00e9rias resumidas, Dicas e Exerc\u00edcios Enem\" \/>\n<meta property=\"og:description\" content=\"A Filosofia Medieval se desenvolveu na Europa entre os s\u00e9culos V e XIV, per\u00edodo conhecido como Idade M\u00e9dia, e ficou ligada \u00e0 expans\u00e3o do Cristianismo sobre o continente, sendo muito cobrada em exerc\u00edcios escolares e quest\u00f5es de vestibular. Ela possui como caracter\u00edsticas principais: A filosofia medieval se divide em duas: a patr\u00edstica e a escol\u00e1stica. [&hellip;]\" \/>\n<meta property=\"og:url\" content=\"https:\/\/beduka.com\/blog\/uncategorized\/exercicios-sobre-filosofia-medieval\/\" \/>\n<meta property=\"og:site_name\" content=\"Blog do Beduka | Mat\u00e9rias resumidas, Dicas e Exerc\u00edcios Enem\" \/>\n<meta property=\"article:publisher\" content=\"https:\/\/www.facebook.com\/beduka.buscadordefaculdades\/\" \/>\n<meta property=\"article:author\" content=\"https:\/\/www.facebook.com\/beduka.buscadordefaculdades\" \/>\n<meta property=\"article:published_time\" content=\"2025-09-02T01:39:11+00:00\" \/>\n<meta property=\"og:image\" content=\"https:\/\/beduka.com\/blog\/wp-content\/uploads\/2019\/03\/favicon.png\" \/>\n\t<meta property=\"og:image:width\" content=\"64\" \/>\n\t<meta property=\"og:image:height\" content=\"64\" \/>\n\t<meta property=\"og:image:type\" content=\"image\/png\" \/>\n<meta name=\"author\" content=\"Reda\u00e7\u00e3o Beduka\" \/>\n<meta name=\"twitter:card\" content=\"summary_large_image\" \/>\n<meta name=\"twitter:label1\" content=\"Escrito por\" \/>\n\t<meta name=\"twitter:data1\" content=\"Reda\u00e7\u00e3o Beduka\" \/>\n\t<meta name=\"twitter:label2\" content=\"Est. tempo de leitura\" \/>\n\t<meta name=\"twitter:data2\" content=\"9 minutos\" \/>\n<script type=\"application\/ld+json\" class=\"yoast-schema-graph\">{\"@context\":\"https:\/\/schema.org\",\"@graph\":[{\"@type\":\"Article\",\"@id\":\"https:\/\/beduka.com\/blog\/uncategorized\/exercicios-sobre-filosofia-medieval\/#article\",\"isPartOf\":{\"@id\":\"https:\/\/beduka.com\/blog\/uncategorized\/exercicios-sobre-filosofia-medieval\/\"},\"author\":{\"name\":\"Reda\u00e7\u00e3o Beduka\",\"@id\":\"https:\/\/beduka.com\/blog\/#\/schema\/person\/a642c9aad29bdea97a352689b053f80f\"},\"headline\":\"Exerc\u00edcios sobre Filosofia Medieval com Resumo e Gabarito\",\"datePublished\":\"2025-09-02T01:39:11+00:00\",\"dateModified\":\"2025-09-02T01:39:11+00:00\",\"mainEntityOfPage\":{\"@id\":\"https:\/\/beduka.com\/blog\/uncategorized\/exercicios-sobre-filosofia-medieval\/\"},\"wordCount\":1756,\"commentCount\":0,\"publisher\":{\"@id\":\"https:\/\/beduka.com\/blog\/#organization\"},\"articleSection\":[\"Filosofia\"],\"inLanguage\":\"pt-BR\",\"potentialAction\":[{\"@type\":\"CommentAction\",\"name\":\"Comment\",\"target\":[\"https:\/\/beduka.com\/blog\/uncategorized\/exercicios-sobre-filosofia-medieval\/#respond\"]}]},{\"@type\":\"WebPage\",\"@id\":\"https:\/\/beduka.com\/blog\/uncategorized\/exercicios-sobre-filosofia-medieval\/\",\"url\":\"https:\/\/beduka.com\/blog\/uncategorized\/exercicios-sobre-filosofia-medieval\/\",\"name\":\"Exerc\u00edcios sobre Filosofia Medieval com Resumo e Gabarito - Blog do Beduka | Mat\u00e9rias resumidas, Dicas e Exerc\u00edcios Enem\",\"isPartOf\":{\"@id\":\"https:\/\/beduka.com\/blog\/#website\"},\"datePublished\":\"2025-09-02T01:39:11+00:00\",\"dateModified\":\"2025-09-02T01:39:11+00:00\",\"breadcrumb\":{\"@id\":\"https:\/\/beduka.com\/blog\/uncategorized\/exercicios-sobre-filosofia-medieval\/#breadcrumb\"},\"inLanguage\":\"pt-BR\",\"potentialAction\":[{\"@type\":\"ReadAction\",\"target\":[\"https:\/\/beduka.com\/blog\/uncategorized\/exercicios-sobre-filosofia-medieval\/\"]}]},{\"@type\":\"BreadcrumbList\",\"@id\":\"https:\/\/beduka.com\/blog\/uncategorized\/exercicios-sobre-filosofia-medieval\/#breadcrumb\",\"itemListElement\":[{\"@type\":\"ListItem\",\"position\":1,\"name\":\"Home\",\"item\":\"https:\/\/beduka.com\/blog\/\"},{\"@type\":\"ListItem\",\"position\":2,\"name\":\"Exerc\u00edcios sobre Filosofia Medieval com Resumo e Gabarito\"}]},{\"@type\":\"WebSite\",\"@id\":\"https:\/\/beduka.com\/blog\/#website\",\"url\":\"https:\/\/beduka.com\/blog\/\",\"name\":\"Blog do Beduka | Mat\u00e9rias resumidas, Dicas e Exerc\u00edcios Enem\",\"description\":\"O Blog do Beduka tem os conte\u00fados que mais caem no Enem, exerc\u00edcios de vestibular com gabarito, resumos, dicas e informa\u00e7\u00f5es Sisu, Prouni e Fies.Encontre dicas para o ENEM, resumos, exerc\u00edcios e informa\u00e7\u00f5es sobre os vestibulares. Acesse agora!\",\"publisher\":{\"@id\":\"https:\/\/beduka.com\/blog\/#organization\"},\"potentialAction\":[{\"@type\":\"SearchAction\",\"target\":{\"@type\":\"EntryPoint\",\"urlTemplate\":\"https:\/\/beduka.com\/blog\/?s={search_term_string}\"},\"query-input\":\"required name=search_term_string\"}],\"inLanguage\":\"pt-BR\"},{\"@type\":\"Organization\",\"@id\":\"https:\/\/beduka.com\/blog\/#organization\",\"name\":\"Beduka\",\"url\":\"https:\/\/beduka.com\/blog\/\",\"logo\":{\"@type\":\"ImageObject\",\"inLanguage\":\"pt-BR\",\"@id\":\"https:\/\/beduka.com\/blog\/#\/schema\/logo\/image\/\",\"url\":\"https:\/\/beduka.com\/blog\/wp-content\/uploads\/2020\/06\/marca-beduka.png\",\"contentUrl\":\"https:\/\/beduka.com\/blog\/wp-content\/uploads\/2020\/06\/marca-beduka.png\",\"width\":1077,\"height\":368,\"caption\":\"Beduka\"},\"image\":{\"@id\":\"https:\/\/beduka.com\/blog\/#\/schema\/logo\/image\/\"},\"sameAs\":[\"https:\/\/www.facebook.com\/beduka.buscadordefaculdades\/\",\"https:\/\/www.instagram.com\/beduka_oficial\/\",\"https:\/\/www.linkedin.com\/company\/beduka\",\"https:\/\/br.pinterest.com\/bedukaoficial\/\",\"https:\/\/www.youtube.com\/beduka\"]},{\"@type\":\"Person\",\"@id\":\"https:\/\/beduka.com\/blog\/#\/schema\/person\/a642c9aad29bdea97a352689b053f80f\",\"name\":\"Reda\u00e7\u00e3o Beduka\",\"image\":{\"@type\":\"ImageObject\",\"inLanguage\":\"pt-BR\",\"@id\":\"https:\/\/beduka.com\/blog\/#\/schema\/person\/image\/\",\"url\":\"https:\/\/secure.gravatar.com\/avatar\/e1048f81c33ef0938237fc66bb9a208d?s=96&d=mm&r=g\",\"contentUrl\":\"https:\/\/secure.gravatar.com\/avatar\/e1048f81c33ef0938237fc66bb9a208d?s=96&d=mm&r=g\",\"caption\":\"Reda\u00e7\u00e3o Beduka\"},\"description\":\"Este conte\u00fado foi criado e validado por uma equipe multidisciplinar, formada por especialistas em cada \u00e1rea do conhecimento. O Beduka est\u00e1 presente no Instagram, YouTube, LinkedIn e em diversos outros ambientes digitais. O site foi criado em 2017 e, desde a sua funda\u00e7\u00e3o, atua para fornecer materiais de qualidade para facilitar a vida de estudantes de todo o Brasil, ajudando-os a se preparar para os principais vestibulares e o Enem.\",\"sameAs\":[\"https:\/\/www.facebook.com\/beduka.buscadordefaculdades\",\"https:\/\/www.instagram.com\/beduka_oficial\/\",\"https:\/\/br.pinterest.com\/bedukaoficial\/\"],\"url\":\"https:\/\/beduka.com\/blog\/author\/dioney\/\"}]}<\/script>\n<!-- \/ Yoast SEO plugin. -->","yoast_head_json":{"title":"Exerc\u00edcios sobre Filosofia Medieval com Resumo e Gabarito - Blog do Beduka | Mat\u00e9rias resumidas, Dicas e Exerc\u00edcios Enem","robots":{"index":"index","follow":"follow","max-snippet":"max-snippet:-1","max-image-preview":"max-image-preview:large","max-video-preview":"max-video-preview:-1"},"canonical":"https:\/\/beduka.com\/blog\/uncategorized\/exercicios-sobre-filosofia-medieval\/","og_locale":"pt_BR","og_type":"article","og_title":"Exerc\u00edcios sobre Filosofia Medieval com Resumo e Gabarito - Blog do Beduka | Mat\u00e9rias resumidas, Dicas e Exerc\u00edcios Enem","og_description":"A Filosofia Medieval se desenvolveu na Europa entre os s\u00e9culos V e XIV, per\u00edodo conhecido como Idade M\u00e9dia, e ficou ligada \u00e0 expans\u00e3o do Cristianismo sobre o continente, sendo muito cobrada em exerc\u00edcios escolares e quest\u00f5es de vestibular. Ela possui como caracter\u00edsticas principais: A filosofia medieval se divide em duas: a patr\u00edstica e a escol\u00e1stica. [&hellip;]","og_url":"https:\/\/beduka.com\/blog\/uncategorized\/exercicios-sobre-filosofia-medieval\/","og_site_name":"Blog do Beduka | Mat\u00e9rias resumidas, Dicas e Exerc\u00edcios Enem","article_publisher":"https:\/\/www.facebook.com\/beduka.buscadordefaculdades\/","article_author":"https:\/\/www.facebook.com\/beduka.buscadordefaculdades","article_published_time":"2025-09-02T01:39:11+00:00","og_image":[{"width":64,"height":64,"url":"https:\/\/beduka.com\/blog\/wp-content\/uploads\/2019\/03\/favicon.png","type":"image\/png"}],"author":"Reda\u00e7\u00e3o Beduka","twitter_card":"summary_large_image","twitter_misc":{"Escrito por":"Reda\u00e7\u00e3o Beduka","Est. tempo de leitura":"9 minutos"},"schema":{"@context":"https:\/\/schema.org","@graph":[{"@type":"Article","@id":"https:\/\/beduka.com\/blog\/uncategorized\/exercicios-sobre-filosofia-medieval\/#article","isPartOf":{"@id":"https:\/\/beduka.com\/blog\/uncategorized\/exercicios-sobre-filosofia-medieval\/"},"author":{"name":"Reda\u00e7\u00e3o Beduka","@id":"https:\/\/beduka.com\/blog\/#\/schema\/person\/a642c9aad29bdea97a352689b053f80f"},"headline":"Exerc\u00edcios sobre Filosofia Medieval com Resumo e Gabarito","datePublished":"2025-09-02T01:39:11+00:00","dateModified":"2025-09-02T01:39:11+00:00","mainEntityOfPage":{"@id":"https:\/\/beduka.com\/blog\/uncategorized\/exercicios-sobre-filosofia-medieval\/"},"wordCount":1756,"commentCount":0,"publisher":{"@id":"https:\/\/beduka.com\/blog\/#organization"},"articleSection":["Filosofia"],"inLanguage":"pt-BR","potentialAction":[{"@type":"CommentAction","name":"Comment","target":["https:\/\/beduka.com\/blog\/uncategorized\/exercicios-sobre-filosofia-medieval\/#respond"]}]},{"@type":"WebPage","@id":"https:\/\/beduka.com\/blog\/uncategorized\/exercicios-sobre-filosofia-medieval\/","url":"https:\/\/beduka.com\/blog\/uncategorized\/exercicios-sobre-filosofia-medieval\/","name":"Exerc\u00edcios sobre Filosofia Medieval com Resumo e Gabarito - Blog do Beduka | Mat\u00e9rias resumidas, Dicas e Exerc\u00edcios Enem","isPartOf":{"@id":"https:\/\/beduka.com\/blog\/#website"},"datePublished":"2025-09-02T01:39:11+00:00","dateModified":"2025-09-02T01:39:11+00:00","breadcrumb":{"@id":"https:\/\/beduka.com\/blog\/uncategorized\/exercicios-sobre-filosofia-medieval\/#breadcrumb"},"inLanguage":"pt-BR","potentialAction":[{"@type":"ReadAction","target":["https:\/\/beduka.com\/blog\/uncategorized\/exercicios-sobre-filosofia-medieval\/"]}]},{"@type":"BreadcrumbList","@id":"https:\/\/beduka.com\/blog\/uncategorized\/exercicios-sobre-filosofia-medieval\/#breadcrumb","itemListElement":[{"@type":"ListItem","position":1,"name":"Home","item":"https:\/\/beduka.com\/blog\/"},{"@type":"ListItem","position":2,"name":"Exerc\u00edcios sobre Filosofia Medieval com Resumo e Gabarito"}]},{"@type":"WebSite","@id":"https:\/\/beduka.com\/blog\/#website","url":"https:\/\/beduka.com\/blog\/","name":"Blog do Beduka | Mat\u00e9rias resumidas, Dicas e Exerc\u00edcios Enem","description":"O Blog do Beduka tem os conte\u00fados que mais caem no Enem, exerc\u00edcios de vestibular com gabarito, resumos, dicas e informa\u00e7\u00f5es Sisu, Prouni e Fies.Encontre dicas para o ENEM, resumos, exerc\u00edcios e informa\u00e7\u00f5es sobre os vestibulares. Acesse agora!","publisher":{"@id":"https:\/\/beduka.com\/blog\/#organization"},"potentialAction":[{"@type":"SearchAction","target":{"@type":"EntryPoint","urlTemplate":"https:\/\/beduka.com\/blog\/?s={search_term_string}"},"query-input":"required name=search_term_string"}],"inLanguage":"pt-BR"},{"@type":"Organization","@id":"https:\/\/beduka.com\/blog\/#organization","name":"Beduka","url":"https:\/\/beduka.com\/blog\/","logo":{"@type":"ImageObject","inLanguage":"pt-BR","@id":"https:\/\/beduka.com\/blog\/#\/schema\/logo\/image\/","url":"https:\/\/beduka.com\/blog\/wp-content\/uploads\/2020\/06\/marca-beduka.png","contentUrl":"https:\/\/beduka.com\/blog\/wp-content\/uploads\/2020\/06\/marca-beduka.png","width":1077,"height":368,"caption":"Beduka"},"image":{"@id":"https:\/\/beduka.com\/blog\/#\/schema\/logo\/image\/"},"sameAs":["https:\/\/www.facebook.com\/beduka.buscadordefaculdades\/","https:\/\/www.instagram.com\/beduka_oficial\/","https:\/\/www.linkedin.com\/company\/beduka","https:\/\/br.pinterest.com\/bedukaoficial\/","https:\/\/www.youtube.com\/beduka"]},{"@type":"Person","@id":"https:\/\/beduka.com\/blog\/#\/schema\/person\/a642c9aad29bdea97a352689b053f80f","name":"Reda\u00e7\u00e3o Beduka","image":{"@type":"ImageObject","inLanguage":"pt-BR","@id":"https:\/\/beduka.com\/blog\/#\/schema\/person\/image\/","url":"https:\/\/secure.gravatar.com\/avatar\/e1048f81c33ef0938237fc66bb9a208d?s=96&d=mm&r=g","contentUrl":"https:\/\/secure.gravatar.com\/avatar\/e1048f81c33ef0938237fc66bb9a208d?s=96&d=mm&r=g","caption":"Reda\u00e7\u00e3o Beduka"},"description":"Este conte\u00fado foi criado e validado por uma equipe multidisciplinar, formada por especialistas em cada \u00e1rea do conhecimento. O Beduka est\u00e1 presente no Instagram, YouTube, LinkedIn e em diversos outros ambientes digitais. O site foi criado em 2017 e, desde a sua funda\u00e7\u00e3o, atua para fornecer materiais de qualidade para facilitar a vida de estudantes de todo o Brasil, ajudando-os a se preparar para os principais vestibulares e o Enem.","sameAs":["https:\/\/www.facebook.com\/beduka.buscadordefaculdades","https:\/\/www.instagram.com\/beduka_oficial\/","https:\/\/br.pinterest.com\/bedukaoficial\/"],"url":"https:\/\/beduka.com\/blog\/author\/dioney\/"}]}},"_links":{"self":[{"href":"https:\/\/beduka.com\/blog\/wp-json\/wp\/v2\/posts\/33666"}],"collection":[{"href":"https:\/\/beduka.com\/blog\/wp-json\/wp\/v2\/posts"}],"about":[{"href":"https:\/\/beduka.com\/blog\/wp-json\/wp\/v2\/types\/post"}],"author":[{"embeddable":true,"href":"https:\/\/beduka.com\/blog\/wp-json\/wp\/v2\/users\/18"}],"replies":[{"embeddable":true,"href":"https:\/\/beduka.com\/blog\/wp-json\/wp\/v2\/comments?post=33666"}],"version-history":[{"count":1,"href":"https:\/\/beduka.com\/blog\/wp-json\/wp\/v2\/posts\/33666\/revisions"}],"predecessor-version":[{"id":33667,"href":"https:\/\/beduka.com\/blog\/wp-json\/wp\/v2\/posts\/33666\/revisions\/33667"}],"wp:featuredmedia":[{"embeddable":true,"href":"https:\/\/beduka.com\/blog\/wp-json\/wp\/v2\/media\/33665"}],"wp:attachment":[{"href":"https:\/\/beduka.com\/blog\/wp-json\/wp\/v2\/media?parent=33666"}],"wp:term":[{"taxonomy":"category","embeddable":true,"href":"https:\/\/beduka.com\/blog\/wp-json\/wp\/v2\/categories?post=33666"},{"taxonomy":"post_tag","embeddable":true,"href":"https:\/\/beduka.com\/blog\/wp-json\/wp\/v2\/tags?post=33666"}],"curies":[{"name":"wp","href":"https:\/\/api.w.org\/{rel}","templated":true}]}}