{"id":6636,"date":"2019-04-18T13:33:25","date_gmt":"2019-04-18T16:33:25","guid":{"rendered":"https:\/\/beduka.com\/blog\/?p=6636"},"modified":"2021-11-03T10:24:11","modified_gmt":"2021-11-03T13:24:11","slug":"exercicios-sobre-generos-literarios","status":"publish","type":"post","link":"https:\/\/beduka.com\/blog\/exercicios\/portugues-exercicios\/exercicios-sobre-generos-literarios\/","title":{"rendered":"Os 5 melhores exerc\u00edcios sobre G\u00eaneros Liter\u00e1rios com gabarito"},"content":{"rendered":"\n<blockquote class=\"wp-block-quote\"><p><strong><em>Os G\u00eaneros Liter\u00e1rios s\u00e3o obras que apresentam caracter\u00edsticas semelhantes de forma e conte\u00fado. Os textos liter\u00e1rios s\u00e3o organizados em tr\u00eas tipos b\u00e1sicos: g\u00eaneros \u00e9pico, l\u00edrico e dram\u00e1tico.<\/em><\/strong><\/p><\/blockquote>\n\n\n\n<p><strong>Quer seguir diretamente para alguma parte?<\/strong> Clique em um dos t\u00f3picos abaixo:<\/p>\n\n\n\n<ul><li><a href=\"#\u00edrico\" data-type=\"internal\" data-id=\"#\u00edrico\">O que \u00e9 g\u00eanero L\u00edrico?<\/a><\/li><li><a href=\"#g\u00eanero-epico\" data-type=\"internal\" data-id=\"#g\u00eanero-epico\">O que \u00e9 g\u00eanero \u00c9pico?<\/a><\/li><li><a href=\"#g\u00eanero-dram\u00e1tico?\" data-type=\"internal\" data-id=\"#g\u00eanero-dram\u00e1tico?\">O que \u00e9 g\u00eanero Dram\u00e1tico?<\/a><\/li><li><a href=\"#xerc\u00edcios-sobre-\" data-type=\"internal\" data-id=\"#xerc\u00edcios-sobre-\">Os 10 melhores exerc\u00edcios sobre g\u00eaneros liter\u00e1rios!<\/a><\/li><li><a href=\"#abarito\" data-type=\"internal\" data-id=\"#abarito\">Gabarito das quest\u00f5es sobre g\u00eaneros liter\u00e1rios.<\/a><\/li><\/ul>\n\n\n\n<p>Quando voc\u00ea terminar os exerc\u00edcios sobre g\u00eaneros textuais<strong>,<\/strong> <strong>coloque em pr\u00e1tica todo seu conhecimento com<\/strong><a href=\"https:\/\/beduka.com\/simulado-enem\/#\/\"><strong> O Melhor Simulado Enem do Brasil<\/strong><\/a><strong>!<\/strong><\/p>\n\n\n\n<p>Os <strong><a rel=\"noreferrer noopener\" aria-label=\"g\u00eaneros liter\u00e1rios (abre numa nova aba)\" href=\"https:\/\/beduka.com\/blog\/materias\/literatura\/quais-sao-os-generos-literarios\/\" target=\"_blank\">g\u00eaneros liter\u00e1rios<\/a><\/strong> aparecem no <a rel=\"noreferrer noopener\" aria-label=\" (abre numa nova aba)\" href=\"https:\/\/beduka.com\/blog\/guia-completo-do-enem\/\" target=\"_blank\">Exame Nacional do Ensino M\u00e9dio (ENEM)<\/a> de forma bem sutil, pois as quest\u00f5es exigem que voc\u00ea tenha no\u00e7\u00e3o de todas as caracter\u00edsticas de cada g\u00eanero. Que tal fazer alguns <strong>exerc\u00edcios<\/strong> e revisar esta mat\u00e9ria? Nesse artigo separamos em categorias os principais g\u00eaneros liter\u00e1rios e trouxemos alguns exerc\u00edcios para testar seus conhecimentos.<\/p>\n\n\n\n<p>Voc\u00ea tamb\u00e9m pode se preparar para o ENEM com nosso <a rel=\"noreferrer noopener\" aria-label=\" (abre numa nova aba)\" href=\"https:\/\/beduka.com\/simulado\/#\/\" target=\"_blank\">simulado<\/a>. \u00c9 gr\u00e1tis!<\/p>\n\n\n\n<h2 class=\"wp-block-heading\" id=\"\u00edrico\">O que \u00e9 g\u00eanero L\u00edrico?<\/h2>\n\n\n\n<div class=\"wp-block-image\"><figure class=\"aligncenter\"><img decoding=\"async\" loading=\"lazy\" width=\"600\" height=\"300\" src=\"https:\/\/beduka.com\/blog\/wp-content\/uploads\/2019\/04\/G\u00eanero-L\u00edrico.jpg\" alt=\"G\u00eanero L\u00edrico\" class=\"wp-image-6637\" srcset=\"https:\/\/beduka.com\/blog\/wp-content\/uploads\/2019\/04\/G\u00eanero-L\u00edrico.jpg 600w, https:\/\/beduka.com\/blog\/wp-content\/uploads\/2019\/04\/G\u00eanero-L\u00edrico-300x150.jpg 300w, https:\/\/beduka.com\/blog\/wp-content\/uploads\/2019\/04\/G\u00eanero-L\u00edrico-320x160.jpg 320w\" sizes=\"(max-width: 600px) 100vw, 600px\" \/><\/figure><\/div>\n\n\n\n<p>O <strong>G\u00eanero L\u00edrico<\/strong> possui como <strong>principal caracter\u00edstica<\/strong> a subjetividade. Ele \u00e9<strong> representado <\/strong>por poemas e textos que expressam sentimentos, emo\u00e7\u00f5es, pensamentos, o estado da alma e pensamentos de exclusividade do autor. <\/p>\n\n\n\n<p>A melodia e o canto s\u00e3o tamb\u00e9m <strong>caracter\u00edsticas <\/strong>desse g\u00eanero liter\u00e1rio.<\/p>\n\n\n\n<p><strong>Exemplos do G\u00eanero L\u00edrico:<\/strong><\/p>\n\n\n\n<ul><li><strong><a href=\"https:\/\/beduka.com\/blog\/materias\/o-que-e-soneto\/#:~:text=Voc%C3%AA%20j%C3%A1%20leu%20um%20Soneto,destaques%20%C3%A9%20Vinicius%20de%20Moraes.\" data-type=\"URL\" data-id=\"https:\/\/beduka.com\/blog\/materias\/o-que-e-soneto\/#:~:text=Voc%C3%AA%20j%C3%A1%20leu%20um%20Soneto,destaques%20%C3%A9%20Vinicius%20de%20Moraes.\">Soneto<\/a>:<\/strong> s\u00e3o poemas composto por estrofes, ritmo e melodia.<\/li><li><strong>Elegia:<\/strong> s\u00e3o <a href=\"https:\/\/beduka.com\/blog\/materias\/o-que-e-poesia\/\" data-type=\"URL\" data-id=\"https:\/\/beduka.com\/blog\/materias\/o-que-e-poesia\/\">poesias <\/a>de car\u00e1ter melanc\u00f3lico e acontecimentos tristes. <\/li><li><strong>\u00c9cloga:<\/strong> <a href=\"https:\/\/beduka.com\/blog\/materias\/o-que-e-poema\/#:~:text=Poema%20%C3%A9%20um%20g%C3%AAnero%20textual,voc%C3%AA%20conhecer%C3%A1%20lendo%20esse%20texto.\" data-type=\"URL\" data-id=\"https:\/\/beduka.com\/blog\/materias\/o-que-e-poema\/#:~:text=Poema%20%C3%A9%20um%20g%C3%AAnero%20textual,voc%C3%AA%20conhecer%C3%A1%20lendo%20esse%20texto.\">poemas<\/a> relacionados com a vida pastoril.<\/li><li><strong>Hino:<\/strong> poema ou c\u00e2ntico destinado a exalta\u00e7\u00e3o.<\/li><\/ul>\n\n\n\n<p><strong>Autores e Obras do G\u00eanero L\u00edrico:<\/strong><\/p>\n\n\n\n<ul><li><strong>Gon\u00e7alves Dias:<\/strong> &#8220;I Juca Pirama&#8221;<\/li><li><strong>Carlos Drummond de Andrade:<\/strong> &#8220;A M\u00e1quina do Mundo&#8221;<\/li><li><strong>Manuel Bandeira:<\/strong> &#8220;Vou-me Embora pra Pas\u00e1rgada&#8221;<\/li><li><strong>Vin\u00edcius de Moraes:<\/strong> &#8220;Soneto da Fidelidade&#8221;<\/li><\/ul>\n\n\n\n<h2 class=\"wp-block-heading\" id=\"g\u00eanero-epico\">O que \u00e9 g\u00eanero \u00c9pico?<\/h2>\n\n\n\n<div class=\"wp-block-image\"><figure class=\"aligncenter\"><img decoding=\"async\" loading=\"lazy\" width=\"600\" height=\"300\" src=\"https:\/\/beduka.com\/blog\/wp-content\/uploads\/2019\/04\/G\u00eanero-\u00c9pico.jpg\" alt=\"G\u00eanero \u00c9pico\" class=\"wp-image-6638\" srcset=\"https:\/\/beduka.com\/blog\/wp-content\/uploads\/2019\/04\/G\u00eanero-\u00c9pico.jpg 600w, https:\/\/beduka.com\/blog\/wp-content\/uploads\/2019\/04\/G\u00eanero-\u00c9pico-300x150.jpg 300w, https:\/\/beduka.com\/blog\/wp-content\/uploads\/2019\/04\/G\u00eanero-\u00c9pico-320x160.jpg 320w\" sizes=\"(max-width: 600px) 100vw, 600px\" \/><\/figure><\/div>\n\n\n\n<p>O <strong>G\u00eanero \u00c9pico<\/strong> (ou G\u00eanero Narrativo) <strong>\u00e9 marcado<\/strong> por contos her\u00f3icos, desafios, aventuras, elementos simb\u00f3licos e imagin\u00e1rios. S\u00e3o compostos por enredo, narrador e personagens.<\/p>\n\n\n\n<p><strong>Exemplos do G\u00eanero \u00c9pico:<\/strong><\/p>\n\n\n\n<ul><li><strong>Conto:<\/strong> narrativa breve que relata acontecimentos cotidianos, sem caracter\u00edsticas detalhadas.<\/li><li><strong>Cr\u00f4nica:<\/strong> s\u00e3o textos com narrativas de curta dura\u00e7\u00e3o, que retratam fatos cotidianos. <\/li><li><strong>F\u00e1bula:<\/strong> narrativa em prosa, composta por personagens e bastante breve.<\/li><li><strong>Epop\u00e9ia:<\/strong> poema \u00e9pico extenso, que narra hist\u00f3rias de um povo ou na\u00e7\u00e3o, com exalta\u00e7\u00e3o.<\/li><\/ul>\n\n\n\n<p><strong>Autores e Obras do G\u00eanero \u00c9pico:<\/strong><\/p>\n\n\n\n<ul><li><strong>Manuel Bandeira: <\/strong>\u201cTestamento\u201d<\/li><li><strong>Hes\u00edodo:<\/strong> \u201cOs trabalhos e os dias\u201d<\/li><li><strong>Homero: <\/strong>\u201cOdiss\u00e9ia\u201d<\/li><li><strong>S\u00edlio It\u00e1lico<\/strong>: \u201cA Guerra P\u00fanica\u201d<\/li><\/ul>\n\n\n\n<p>Temos tamb\u00e9m um <a rel=\"noreferrer noopener\" aria-label=\" (abre numa nova aba)\" href=\"https:\/\/s3-sa-east-1.amazonaws.com\/bdk-marketing\/plano-de-estudo\/ebook\/Beduka-Plano-de-Estudos.pdf\" target=\"_blank\">Plano de Estudos<\/a> gratuito para te auxiliar no ENEM. &nbsp;<\/p>\n\n\n\n<h2 class=\"wp-block-heading\" id=\"g\u00eanero-dram\u00e1tico?\">O que \u00e9 g\u00eanero dram\u00e1tico?<\/h2>\n\n\n\n<div class=\"wp-block-image\"><figure class=\"aligncenter\"><img decoding=\"async\" loading=\"lazy\" width=\"600\" height=\"300\" src=\"https:\/\/beduka.com\/blog\/wp-content\/uploads\/2019\/04\/G\u00eanero-Dram\u00e1tico.jpg\" alt=\"G\u00eanero Dram\u00e1tico\" class=\"wp-image-6639\" srcset=\"https:\/\/beduka.com\/blog\/wp-content\/uploads\/2019\/04\/G\u00eanero-Dram\u00e1tico.jpg 600w, https:\/\/beduka.com\/blog\/wp-content\/uploads\/2019\/04\/G\u00eanero-Dram\u00e1tico-300x150.jpg 300w, https:\/\/beduka.com\/blog\/wp-content\/uploads\/2019\/04\/G\u00eanero-Dram\u00e1tico-320x160.jpg 320w\" sizes=\"(max-width: 600px) 100vw, 600px\" \/><\/figure><\/div>\n\n\n\n<p>O <strong>G\u00eanero Dram\u00e1tico<\/strong> \u00e9 <strong>definido<\/strong> por obras liter\u00e1rias que podem ser encenadas ou dramatizadas. A <strong>principal caracter\u00edstica<\/strong> do G\u00eanero Dram\u00e1tico \u00e9 o texto principal, nele cont\u00e9m instru\u00e7\u00f5es de como as falas devem ser ditas pelos autores.<\/p>\n\n\n\n<p><strong>Exemplos do G\u00eanero Dram\u00e1tico:<\/strong><\/p>\n\n\n\n<ul><li><strong>Trag\u00e9dia:<\/strong> \u00e9 a representa\u00e7\u00e3o de acontecimentos tr\u00e1gicos, na inten\u00e7\u00e3o de causar compaix\u00e3o e terror.<\/li><li><strong>Com\u00e9dia:<\/strong> representa\u00e7\u00f5es humor\u00edsticas com o objetivo de tratar de maneira c\u00f4mica as situa\u00e7\u00f5es e os costumes, alegrando o ouvinte.<\/li><li><strong>Farsa:<\/strong> \u00e9 uma pe\u00e7a teatral menor, que critica a sociedade em geral e os seus costumes.<\/li><li><strong>Auto:<\/strong> pequenos textos originados na Idade M\u00e9dia, com temas c\u00f4micos representados normalmente por um \u00fanico ato.<\/li><\/ul>\n\n\n\n<p><strong>Autores e Obras do G\u00eanero Dram\u00e1tico:<\/strong><\/p>\n\n\n\n<ul><li><strong>Carlos Drummond de Andrade: <\/strong>\u201cCaso do Vestido\u201d<\/li><li><strong>Jorge de Andrade: <\/strong>\u201cA escada\u201d<\/li><li><strong>Dias Gomes:<\/strong> \u201cO pagador de promessas\u201d<\/li><li><strong>Pl\u00ednio Marcos: <\/strong>\u201cNavalha na carne\u201d<\/li><\/ul>\n\n\n\n<p><strong>Agora que voc\u00ea j\u00e1 compreende melhor os elementos do texto narrativo, aproveite para ver tamb\u00e9m:<\/strong><\/p>\n\n\n\n<ul><li><a href=\"https:\/\/beduka.com\/blog\/dicas\/como-fazer-citacao-direta-indireta\/\" target=\"_blank\" rel=\"noreferrer noopener\" aria-label=\" (abre numa nova aba)\">Como fazer uma cita\u00e7\u00e3o direta?<\/a><\/li><li><a rel=\"noreferrer noopener\" aria-label=\" (abre numa nova aba)\" href=\"https:\/\/beduka.com\/blog\/exercicios\/questoes-interpretacao-texto\/\" target=\"_blank\">Como melhorar a interpreta\u00e7\u00e3o de texto?<\/a><\/li><li><a rel=\"noreferrer noopener\" aria-label=\" (abre numa nova aba)\" href=\"https:\/\/beduka.com\/blog\/enem\/temas-redacao-que-cairam-enem\/\" target=\"_blank\">Quais os temas que j\u00e1 ca\u00edram no ENEM?<\/a><\/li><\/ul>\n\n\n\n<p>Fa\u00e7a nosso <a rel=\"noreferrer noopener\" aria-label=\"simulado  (abre numa nova aba)\" href=\"https:\/\/beduka.com\/simulado\/#\/\" target=\"_blank\">simulado <\/a>do ENEM e testar todos os seus conhecimentos. \u00c9 gratuito!<\/p>\n\n\n\n<p><strong>Ap\u00f3s estudar sobre os g\u00eaneros liter\u00e1rios e responder os exerc\u00edcios, voc\u00ea tamb\u00e9m pode se aprofundar nesses assuntos por meio dos seguintes artigos:<\/strong><\/p>\n\n\n\n<ul><li><a href=\"https:\/\/beduka.com\/blog\/materias\/portugues\/elementos-texto-narrativo\/\" target=\"_blank\" rel=\"noreferrer noopener\" aria-label=\" (abre numa nova aba)\">Quais s\u00e3o os elementos do texto narrativo?<\/a><\/li><li><a rel=\"noreferrer noopener\" aria-label=\" (abre numa nova aba)\" href=\"https:\/\/beduka.com\/blog\/materias\/portugues\/principais-figuras-linguagem\/\" target=\"_blank\">Quais as principais figuras de linguagem? Confira as mais utilizadas em vestibulares<\/a><\/li><li><a rel=\"noreferrer noopener\" aria-label=\" (abre numa nova aba)\" href=\"https:\/\/beduka.com\/blog\/exercicios\/portugues-exercicios\/exercicios-de-figuras-de-linguagem\/\" target=\"_blank\">Exerc\u00edcios de figuras de linguagem com gabarito<\/a><\/li><\/ul>\n\n\n\n<p><strong>Agora \u00e9 hora de voc\u00ea colocar em pr\u00e1tica os seus conhecimentos<\/strong>.<\/p>\n\n\n\n<h2 class=\"wp-block-heading\" id=\"xerc\u00edcios-sobre-\">Exerc\u00edcios sobre G\u00eaneros Liter\u00e1rios<\/h2>\n\n\n\n<p><strong>1- <a href=\"http:\/\/www.usf.edu.br\/institucional\/infra.vm?id=75056057\" target=\"_blank\" rel=\"noreferrer noopener\" aria-label=\"(USF SP\/2016) (abre numa nova aba)\">(USF SP\/2016)<\/a><\/strong> <strong>&#8211;<\/strong>As obras lidas para este vestibular pertencem a g\u00eaneros e per\u00edodos distintos de nossa produ\u00e7\u00e3o liter\u00e1ria. A respeito delas, analise as afirmativas a seguir e identifique a(s) correta(s).<br><\/p>\n\n\n\n<p>I. Vidas secas apresenta um vocabul\u00e1rio seco, como a tem\u00e1tica tratada. O narrador, ao contar a saga de Fabiano, Sinh\u00e1 Vit\u00f3ria, dos meninos sem nome e da cachorra Baleia, registra a marginaliza\u00e7\u00e3o social, a explora\u00e7\u00e3o do homem pelo homem, a desumaniza\u00e7\u00e3o dos personagens e a falta de comunica\u00e7\u00e3o nas rela\u00e7\u00f5es familiares, entre outras abordagens.<\/p>\n\n\n\n<p>II. Mem\u00f3rias p\u00f3stumas de Br\u00e1s Cubas, a obra que inicia o Realismo brasileiro, \u00e9 impregnada da vis\u00e3o cientificista, bem ao gosto do p\u00fablico da \u00e9poca. Quest\u00f5es como o Determinismo biol\u00f3gico, social e hist\u00f3rico, o materialismo, o predom\u00ednio do instinto sobre a raz\u00e3o e do psicol\u00f3gico sobre a a\u00e7\u00e3o s\u00e3o algumas das caracter\u00edsticas mais marcantes da obra.<\/p>\n\n\n\n<p>III. Mem\u00f3rias de um sargento de mil\u00edcias pode ser entendida como uma obra de transi\u00e7\u00e3o entre o Romantismo e o Realismo. A hist\u00f3ria de Leonardinho \u00e9 permeada por aventuras nos sub\u00farbios cariocas e mostra um her\u00f3i atrevido, politicamente incorreto e irreverente. Al\u00e9m disso, a voz narrativa antecipa a conversa com o leitor e a metanarrativa que ganhar\u00e1 for\u00e7a com a literatura machadiana.<\/p>\n\n\n\n<p>IV. Sentimento de mundo mostra um eu l\u00edrico que se reconhece no mundo que precisa ser salvo, mas que reconhece tamb\u00e9m o fatal distanciamento entre os homens. O poeta solit\u00e1rio se transforma, ent\u00e3o, em poeta solid\u00e1rio, que recria o mundo pela depura\u00e7\u00e3o, buscando sua ess\u00eancia.<br><\/p>\n\n\n\n<p>\u00c9 correto o que se afirma apenas em:<br><\/p>\n\n\n\n<p> a) II, III e IV.<\/p>\n\n\n\n<p> b) I, III e IV.<\/p>\n\n\n\n<p> c) II e IV.<\/p>\n\n\n\n<p> d) I e III.<\/p>\n\n\n\n<p> e) I, II, III e IV.<br><\/p>\n\n\n\n<p> <strong>2-<\/strong><a href=\"https:\/\/enem.inep.gov.br\/\" target=\"_blank\" rel=\"noreferrer noopener\" aria-label=\" (ENEM-2009) (abre numa nova aba)\"> <\/a><strong><a href=\"https:\/\/enem.inep.gov.br\/\" target=\"_blank\" rel=\"noreferrer noopener\" aria-label=\" (ENEM-2009) (abre numa nova aba)\">(ENEM-2009)<\/a> &#8211;<\/strong><br><\/p>\n\n\n\n<p>Texto 1<\/p>\n\n\n\n<blockquote class=\"wp-block-quote\"><p>No meio do caminho<\/p><p>No meio do caminho tinha<\/p><p>uma pedra<\/p><p>Tinha uma pedra no meio<\/p><p>do caminho<\/p><p>Tinha uma pedra<\/p><p>No meio do caminho tinha<\/p><p>uma pedra<\/p><p>[\u2026]<\/p><\/blockquote>\n\n\n\n<p>(ANDRADE, C. D. Antologia po\u00e9tica. Rio de Janeiro\/ S\u00e3o Paulo: Record, 2000. (fragmento).<\/p>\n\n\n\n<p>Texto 2<\/p>\n\n\n\n<div class=\"wp-block-image\"><figure class=\"aligncenter\"><img decoding=\"async\" loading=\"lazy\" width=\"463\" height=\"400\" src=\"https:\/\/beduka.com\/blog\/wp-content\/uploads\/2019\/06\/exerc\u00edcios-sobre-G\u00eaneros-Liter\u00e1rios.jpg\" alt=\"exerc\u00edcios sobre G\u00eaneros Liter\u00e1rios\" class=\"wp-image-8760\" srcset=\"https:\/\/beduka.com\/blog\/wp-content\/uploads\/2019\/06\/exerc\u00edcios-sobre-G\u00eaneros-Liter\u00e1rios.jpg 463w, https:\/\/beduka.com\/blog\/wp-content\/uploads\/2019\/06\/exerc\u00edcios-sobre-G\u00eaneros-Liter\u00e1rios-300x259.jpg 300w, https:\/\/beduka.com\/blog\/wp-content\/uploads\/2019\/06\/exerc\u00edcios-sobre-G\u00eaneros-Liter\u00e1rios-320x276.jpg 320w\" sizes=\"(max-width: 463px) 100vw, 463px\" \/><\/figure><\/div>\n\n\n\n<p>A compara\u00e7\u00e3o entre os recursos expressivos que constituem os dois textos revela que:<br><\/p>\n\n\n\n<p>a) o texto 1 perde suas caracter\u00edsticas de g\u00eanero po\u00e9tico ao ser vulgarizado por hist\u00f3rias em quadrinho.<\/p>\n\n\n\n<p>b) o texto 2 pertence ao g\u00eanero liter\u00e1rio, porque as escolhas lingu\u00edsticas o tornam uma r\u00e9plica do texto 1.<\/p>\n\n\n\n<p>c) a escolha do tema, desenvolvido por frases semelhantes, caracteriza-os como pertencentes ao mesmo g\u00eanero.<\/p>\n\n\n\n<p>d) os textos s\u00e3o de g\u00eaneros diferentes porque, apesar da intertextualidade, foram elaborados com finalidades distintas.<\/p>\n\n\n\n<p>e) as linguagens que constroem significados nos dois textos permitem classific\u00e1-los como pertencentes ao mesmo g\u00eanero.<br><\/p>\n\n\n\n<p><strong>3- <a href=\"https:\/\/www2.ufscar.br\/\" target=\"_blank\" rel=\"noreferrer noopener\" aria-label=\"(UFSCar \u2013 2002) (abre numa nova aba)\">(UFSCar \u2013 2002)<\/a><\/strong> <br><\/p>\n\n\n\n<p><strong>Soneto de fidelidade<\/strong><br>(Vinicius de Moraes)<br><br>De tudo, ao meu amor serei atento<br>Antes, e com tal zelo, e sempre, e tanto<br>Que mesmo em face do maior encanto<br>Dele se encante mais meu pensamento.<br><br>Quero viv\u00ea-lo em cada v\u00e3o momento<br>E em seu louvor hei de espalhar meu canto<br>E rir meu riso e derramar meu pranto<br>Ao seu pesar ou seu contentamento.<br><br>E assim, quando mais tarde me procure<br>Quem sabe a morte, ang\u00fastia de quem vive<br>Quem sabe a solid\u00e3o, fim de quem ama<br><br>Eu possa me dizer do amor (que tive):<br>Que n\u00e3o seja imortal, posto que \u00e9 chama<br>Mas que seja infinito enquanto dure.<\/p>\n\n\n\n<p>Nos dois primeiros quartetos do soneto de Vinicius de Moraes, delineia-se a ideia de que o poeta <br><\/p>\n\n\n\n<p>a) n\u00e3o acredita no amor como entrega total entre duas pessoas.<\/p>\n\n\n\n<p>b) acredita que, mesmo amando muito uma pessoa, \u00e9 poss\u00edvel apaixonar-se por outra e trocar de amor.<\/p>\n\n\n\n<p>c) entende que somente a morte \u00e9 capaz de findar com o amor de duas pessoas.<\/p>\n\n\n\n<p>d) concebe o amor como um sentimento intenso a ser compartilhado, tanto na alegria quanto na tristeza.<\/p>\n\n\n\n<p>e) v\u00ea, na ang\u00fastia causada pela ideia da morte, o impedimento para as pessoas se entregarem ao amor.<br><\/p>\n\n\n\n<p><strong>4- <a href=\"https:\/\/www.ucs.br\/site\" target=\"_blank\" rel=\"noreferrer noopener\" aria-label=\"(UCS RS\/2016) (abre numa nova aba)\">(UCS RS\/2016)<\/a> &#8211;<\/strong>Os excertos a seguir s\u00e3o de Cec\u00edlia Meireles e Carpinejar, respectivamente.<\/p>\n\n\n\n<blockquote class=\"wp-block-quote\"><p>\u201cMinhas m\u00e3os ainda est\u00e3o molhadas<\/p><p>do azul das ondas entreabertas,<\/p><p>e a cor que escorre dos meus dedos<\/p><p>colore as areias desertas\u201d.<\/p><\/blockquote>\n\n\n\n<p>(MEIRELES, 2000, p. 27).<\/p>\n\n\n\n<blockquote class=\"wp-block-quote\"><p>\u201cA matilha dos filhos<\/p><p>fareja o sonho inacabado,<\/p><p>perseguindo tua lapela castanha,<\/p><p>o a\u00e7\u00facar do linho,<\/p><p>olor de caf\u00e9 aquecido\u201d.<\/p><\/blockquote>\n\n\n\n<p>(CARPINEJAR, 2008, p. 58-59).<\/p>\n\n\n\n<p>Em ambas as composi\u00e7\u00f5es, os versos acima revelam que o sujeito l\u00edrico tem do mundo uma percep\u00e7\u00e3o<\/p>\n\n\n\n<p>a) emotiva.<\/p>\n\n\n\n<p> b) sensorial.<\/p>\n\n\n\n<p> c) on\u00edrica.<\/p>\n\n\n\n<p> d) racional.<\/p>\n\n\n\n<p> e) sentimental.<\/p>\n\n\n\n<p><strong>5) <a href=\"https:\/\/www.cefetmg.br\/\" target=\"_blank\" rel=\"noreferrer noopener\" aria-label=\"(CEFET MG\/2015)  (abre numa nova aba)\">(CEFET MG\/2015) <\/a>&#8211;<\/strong>Sobre os g\u00eaneros liter\u00e1rios, afirma-se:<\/p>\n\n\n\n<p>I. O g\u00eanero dram\u00e1tico abrange textos que tematizam o sofrimento e a afli\u00e7\u00e3o da condi\u00e7\u00e3o humana.<\/p>\n\n\n\n<p>II. Textos pertencentes ao g\u00eanero l\u00edrico privilegiam a express\u00e3o subjetiva de estados interiores.<\/p>\n\n\n\n<p>III. O g\u00eanero \u00e9pico compreende textos sobre acontecimentos grandiosos protagonizados por her\u00f3is.<\/p>\n\n\n\n<p>IV. Em literatura, o romance e a novela s\u00e3o formas narrativas pertencentes ao g\u00eanero dram\u00e1tico.<\/p>\n\n\n\n<p>Est\u00e3o corretas apenas as afirmativas<\/p>\n\n\n\n<p>a) I e II.<\/p>\n\n\n\n<p> b) I e IV.<\/p>\n\n\n\n<p> c) III e IV.<\/p>\n\n\n\n<p> d) II e III.<\/p>\n\n\n\n<h2 class=\"wp-block-heading\" id=\"abarito\">Gabarito dos Exerc\u00edcios sobre G\u00eaneros Liter\u00e1rios<\/h2>\n\n\n\n<p><strong>Exerc\u00edcio resolvido da quest\u00e3o 1<\/strong><br>b) I, III e IV.<\/p>\n\n\n\n<p><strong>Exerc\u00edcio resolvido da quest\u00e3o 2<\/strong><br>d) os textos s\u00e3o de g\u00eaneros diferentes porque, apesar da intertextualidade, foram elaborados com finalidades distintas.<\/p>\n\n\n\n<p><strong>Exerc\u00edcio resolvido da quest\u00e3o 3<\/strong><br>d) concebe o amor como um sentimento intenso a ser compartilhado, tanto na alegria quanto na tristeza. <\/p>\n\n\n\n<p><strong>Exerc\u00edcio resolvido da quest\u00e3o 4<\/strong><br>b)sensorial.<\/p>\n\n\n\n<p><strong>Exerc\u00edcio resolvido da quest\u00e3o 5<\/strong><br>d) II e III.<\/p>\n\n\n\n<h2 class=\"wp-block-heading\">Aprenda muito mais com o Beduka<\/h2>\n\n\n\n<p>Siga o Beduka no <a rel=\"noreferrer noopener\" aria-label=\" (abre numa nova aba)\" href=\"https:\/\/www.instagram.com\/beduka.buscadordefaculdades\/\" target=\"_blank\">Instagram<\/a> para n\u00e3o perder as novidades!<\/p>\n\n\n\n<p>Abaixo apresentamos mais exerc\u00edcios resolvidos nos quais voc\u00ea pode se aprofundar mais:<\/p>\n\n\n\n<ul><li><a rel=\"noreferrer noopener\" aria-label=\" (abre numa nova aba)\" href=\"https:\/\/beduka.com\/blog\/exercicios\/portugues-exercicios\/questoes-vestibular-sobre-substantivo\/\" target=\"_blank\">Quest\u00f5es de vestibular sobre substantivo<\/a><\/li><li><a rel=\"noreferrer noopener\" aria-label=\" (abre numa nova aba)\" href=\"https:\/\/beduka.com\/blog\/exercicios\/portugues-exercicios\/questoes-vestibular-sobre-substantivo\/\" target=\"_blank\">Quest\u00f5es de vestibular sobre pronomes com gabarito<\/a><\/li><li><a href=\"https:\/\/beduka.com\/blog\/exercicios\/portugues-exercicios\/exercicios-oracoes-subordinadas-adjetivas\/\" target=\"_blank\" rel=\"noreferrer noopener\" aria-label=\" (abre numa nova aba)\">Exerc\u00edcios de ora\u00e7\u00f5es subordinadas adjetivas com gabarito<\/a><\/li><\/ul>\n\n\n\n<p>O Beduka \u00e9 um buscador gratuito de cursos e faculdades, particulares ou p\u00fablicas, que surgiu em 2017. Atrav\u00e9s de uma pesquisa simples voc\u00ea encontra informa\u00e7\u00f5es detalhadas sobre todas as institui\u00e7\u00f5es de ensino superior registradas no Minist\u00e9rio da Educa\u00e7\u00e3o (MEC). <a rel=\"noreferrer noopener\" aria-label=\" (abre numa nova aba)\" href=\"https:\/\/beduka.com\/\" target=\"_blank\">Experimente agora!<\/a><\/p>\n\n\n\n<p>Agora que voc\u00ea conferiu alguns exerc\u00edcios sobre g\u00eaneros liter\u00e1rios, aproveite e veja outros artigos que podem te ajudar no ENEM e em outros vestibulares. Veja as regras do<a rel=\"noreferrer noopener\" aria-label=\" (abre numa nova aba)\" href=\"https:\/\/beduka.com\/blog\/materias\/portugues\/uso-da-virgula\/\" target=\"_blank\"> uso da v\u00edrgula<\/a>, saiba quais os principais<a rel=\"noreferrer noopener\" aria-label=\" (abre numa nova aba)\" href=\"https:\/\/beduka.com\/blog\/materias\/geografia\/principais-recursos-naturais-brasil\/\" target=\"_blank\"> recursos naturais do Brasil<\/a> e descubra o que \u00e9 o<a href=\"https:\/\/beduka.com\/blog\/materias\/filosofia\/o-que-e-mito-caverna\/\" target=\"_blank\" rel=\"noreferrer noopener\" aria-label=\" (abre numa nova aba)\"> mito da caverna<\/a>.<\/p>\n\n\n\n<p>Gostou dos nossos exerc\u00edcios sobre g\u00eaneros liter\u00e1rios? Compartilhe com os seus amigos e comente abaixo sobre \u00e1reas que voc\u00ea deseja mais explica\u00e7\u00f5es.<\/p>\n\n\n\n<p>Voc\u00ea j\u00e1 tem certeza da profiss\u00e3o que quer seguir pelo resto da vida?<strong> \u00c9 muito tempo, n\u00e9?<\/strong> O <a href=\"https:\/\/beduka.com\/raiox\"><strong>\u00a0Raio X do Beduka<\/strong><\/a> pode te ajudar a escolher o caminho certo, sem perder tempo! \u00c9 mais que um teste vocacional, atrav\u00e9s dele voc\u00ea vai poder se conhecer e se planejar melhor. Isso far\u00e1 toda a diferen\u00e7a!<\/p>\n\n\n\n<p>Queremos te ajudar a encontrar a <strong>FACULDADE IDEAL<\/strong>! Logo abaixo, fa\u00e7a uma pesquisa por curso e cidade que te mostraremos todas as faculdades que podem te atender.<strong> Informamos a nota de corte, valor de mensalidade, nota do MEC, avalia\u00e7\u00e3o dos alunos, modalidades de ensino e muito mais.<\/strong><br><\/p>\n\n\n\n<p>Experimente agora!<br><\/p>\n","protected":false},"excerpt":{"rendered":"<p>Teste seus conhecimentos para o ENEM e outros vestibulares resolvendo alguns exerc\u00edcios sobre g\u00eaneros liter\u00e1rios! Revise sobre g\u00eanero dram\u00e1tico, g\u00eanero l\u00edrico e g\u00eanero \u00e9pico.<\/p>\n","protected":false},"author":1,"featured_media":23738,"comment_status":"open","ping_status":"closed","sticky":false,"template":"","format":"standard","meta":{"_mi_skip_tracking":false,"_monsterinsights_sitenote_active":false,"_monsterinsights_sitenote_note":"","_monsterinsights_sitenote_category":0},"categories":[605],"tags":[637],"yoast_head":"<!-- This site is optimized with the Yoast SEO plugin v20.10 - https:\/\/yoast.com\/wordpress\/plugins\/seo\/ -->\n<title>Os 5 melhores exerc\u00edcios sobre G\u00eaneros Liter\u00e1rios com gabarito<\/title>\n<meta name=\"description\" content=\"Teste seus conhecimentos para o ENEM e outros vestibulares resolvendo alguns exerc\u00edcios sobre g\u00eaneros liter\u00e1rios! Revise sobre g\u00eanero dram\u00e1tico, g\u00eanero l\u00edrico e g\u00eanero \u00e9pico.\" \/>\n<meta name=\"robots\" content=\"index, follow, max-snippet:-1, max-image-preview:large, max-video-preview:-1\" \/>\n<link rel=\"canonical\" href=\"https:\/\/beduka.com\/blog\/exercicios\/portugues-exercicios\/exercicios-sobre-generos-literarios\/\" \/>\n<meta property=\"og:locale\" content=\"pt_BR\" \/>\n<meta property=\"og:type\" content=\"article\" \/>\n<meta property=\"og:title\" content=\"Os 5 melhores exerc\u00edcios sobre G\u00eaneros Liter\u00e1rios com gabarito\" \/>\n<meta property=\"og:description\" content=\"Teste seus conhecimentos para o ENEM e outros vestibulares resolvendo alguns exerc\u00edcios sobre g\u00eaneros liter\u00e1rios! Revise sobre g\u00eanero dram\u00e1tico, g\u00eanero l\u00edrico e g\u00eanero \u00e9pico.\" \/>\n<meta property=\"og:url\" content=\"https:\/\/beduka.com\/blog\/exercicios\/portugues-exercicios\/exercicios-sobre-generos-literarios\/\" \/>\n<meta property=\"og:site_name\" content=\"Blog do Beduka | Mat\u00e9rias resumidas, Dicas e Exerc\u00edcios Enem\" \/>\n<meta property=\"article:publisher\" content=\"https:\/\/www.facebook.com\/beduka.buscadordefaculdades\/\" \/>\n<meta property=\"article:author\" content=\"https:\/\/www.facebook.com\/beduka.buscadordefaculdades\" \/>\n<meta property=\"article:published_time\" content=\"2019-04-18T16:33:25+00:00\" \/>\n<meta property=\"article:modified_time\" content=\"2021-11-03T13:24:11+00:00\" \/>\n<meta property=\"og:image\" content=\"https:\/\/beduka.com\/blog\/wp-content\/uploads\/2019\/04\/Os-5-melhores-exercicios-sobre-Generos-Literarios.jpg\" \/>\n\t<meta property=\"og:image:width\" content=\"609\" \/>\n\t<meta property=\"og:image:height\" content=\"342\" \/>\n\t<meta property=\"og:image:type\" content=\"image\/jpeg\" \/>\n<meta name=\"author\" content=\"Reda\u00e7\u00e3o Beduka (a)\" \/>\n<meta name=\"twitter:card\" content=\"summary_large_image\" \/>\n<meta name=\"twitter:label1\" content=\"Escrito por\" \/>\n\t<meta name=\"twitter:data1\" content=\"Reda\u00e7\u00e3o Beduka (a)\" \/>\n\t<meta name=\"twitter:label2\" content=\"Est. tempo de leitura\" \/>\n\t<meta name=\"twitter:data2\" content=\"10 minutos\" \/>\n<script type=\"application\/ld+json\" class=\"yoast-schema-graph\">{\"@context\":\"https:\/\/schema.org\",\"@graph\":[{\"@type\":\"Article\",\"@id\":\"https:\/\/beduka.com\/blog\/exercicios\/portugues-exercicios\/exercicios-sobre-generos-literarios\/#article\",\"isPartOf\":{\"@id\":\"https:\/\/beduka.com\/blog\/exercicios\/portugues-exercicios\/exercicios-sobre-generos-literarios\/\"},\"author\":{\"name\":\"Reda\u00e7\u00e3o Beduka (a)\",\"@id\":\"https:\/\/beduka.com\/blog\/#\/schema\/person\/325d912d2cb8dd9ede8ab291427d2b8a\"},\"headline\":\"Os 5 melhores exerc\u00edcios sobre G\u00eaneros Liter\u00e1rios com gabarito\",\"datePublished\":\"2019-04-18T16:33:25+00:00\",\"dateModified\":\"2021-11-03T13:24:11+00:00\",\"mainEntityOfPage\":{\"@id\":\"https:\/\/beduka.com\/blog\/exercicios\/portugues-exercicios\/exercicios-sobre-generos-literarios\/\"},\"wordCount\":2003,\"commentCount\":0,\"publisher\":{\"@id\":\"https:\/\/beduka.com\/blog\/#organization\"},\"keywords\":[\"g\u00eaneros liter\u00e1rios\"],\"articleSection\":[\"Portugu\u00eas\"],\"inLanguage\":\"pt-BR\",\"potentialAction\":[{\"@type\":\"CommentAction\",\"name\":\"Comment\",\"target\":[\"https:\/\/beduka.com\/blog\/exercicios\/portugues-exercicios\/exercicios-sobre-generos-literarios\/#respond\"]}]},{\"@type\":\"WebPage\",\"@id\":\"https:\/\/beduka.com\/blog\/exercicios\/portugues-exercicios\/exercicios-sobre-generos-literarios\/\",\"url\":\"https:\/\/beduka.com\/blog\/exercicios\/portugues-exercicios\/exercicios-sobre-generos-literarios\/\",\"name\":\"Os 5 melhores exerc\u00edcios sobre G\u00eaneros Liter\u00e1rios com gabarito\",\"isPartOf\":{\"@id\":\"https:\/\/beduka.com\/blog\/#website\"},\"datePublished\":\"2019-04-18T16:33:25+00:00\",\"dateModified\":\"2021-11-03T13:24:11+00:00\",\"description\":\"Teste seus conhecimentos para o ENEM e outros vestibulares resolvendo alguns exerc\u00edcios sobre g\u00eaneros liter\u00e1rios! Revise sobre g\u00eanero dram\u00e1tico, g\u00eanero l\u00edrico e g\u00eanero \u00e9pico.\",\"breadcrumb\":{\"@id\":\"https:\/\/beduka.com\/blog\/exercicios\/portugues-exercicios\/exercicios-sobre-generos-literarios\/#breadcrumb\"},\"inLanguage\":\"pt-BR\",\"potentialAction\":[{\"@type\":\"ReadAction\",\"target\":[\"https:\/\/beduka.com\/blog\/exercicios\/portugues-exercicios\/exercicios-sobre-generos-literarios\/\"]}]},{\"@type\":\"BreadcrumbList\",\"@id\":\"https:\/\/beduka.com\/blog\/exercicios\/portugues-exercicios\/exercicios-sobre-generos-literarios\/#breadcrumb\",\"itemListElement\":[{\"@type\":\"ListItem\",\"position\":1,\"name\":\"Home\",\"item\":\"https:\/\/beduka.com\/blog\/\"},{\"@type\":\"ListItem\",\"position\":2,\"name\":\"Os 5 melhores exerc\u00edcios sobre G\u00eaneros Liter\u00e1rios com gabarito\"}]},{\"@type\":\"WebSite\",\"@id\":\"https:\/\/beduka.com\/blog\/#website\",\"url\":\"https:\/\/beduka.com\/blog\/\",\"name\":\"Blog do Beduka | Mat\u00e9rias resumidas, Dicas e Exerc\u00edcios Enem\",\"description\":\"O Blog do Beduka tem os conte\u00fados que mais caem no Enem, exerc\u00edcios de vestibular com gabarito, resumos, dicas e informa\u00e7\u00f5es Sisu, Prouni e Fies.Encontre dicas para o ENEM, resumos, exerc\u00edcios e informa\u00e7\u00f5es sobre os vestibulares. Acesse agora!\",\"publisher\":{\"@id\":\"https:\/\/beduka.com\/blog\/#organization\"},\"potentialAction\":[{\"@type\":\"SearchAction\",\"target\":{\"@type\":\"EntryPoint\",\"urlTemplate\":\"https:\/\/beduka.com\/blog\/?s={search_term_string}\"},\"query-input\":\"required name=search_term_string\"}],\"inLanguage\":\"pt-BR\"},{\"@type\":\"Organization\",\"@id\":\"https:\/\/beduka.com\/blog\/#organization\",\"name\":\"Beduka\",\"url\":\"https:\/\/beduka.com\/blog\/\",\"logo\":{\"@type\":\"ImageObject\",\"inLanguage\":\"pt-BR\",\"@id\":\"https:\/\/beduka.com\/blog\/#\/schema\/logo\/image\/\",\"url\":\"https:\/\/beduka.com\/blog\/wp-content\/uploads\/2020\/06\/marca-beduka.png\",\"contentUrl\":\"https:\/\/beduka.com\/blog\/wp-content\/uploads\/2020\/06\/marca-beduka.png\",\"width\":1077,\"height\":368,\"caption\":\"Beduka\"},\"image\":{\"@id\":\"https:\/\/beduka.com\/blog\/#\/schema\/logo\/image\/\"},\"sameAs\":[\"https:\/\/www.facebook.com\/beduka.buscadordefaculdades\/\",\"https:\/\/www.instagram.com\/beduka_oficial\/\",\"https:\/\/www.linkedin.com\/company\/beduka\",\"https:\/\/br.pinterest.com\/bedukaoficial\/\",\"https:\/\/www.youtube.com\/beduka\"]},{\"@type\":\"Person\",\"@id\":\"https:\/\/beduka.com\/blog\/#\/schema\/person\/325d912d2cb8dd9ede8ab291427d2b8a\",\"name\":\"Reda\u00e7\u00e3o Beduka (a)\",\"image\":{\"@type\":\"ImageObject\",\"inLanguage\":\"pt-BR\",\"@id\":\"https:\/\/beduka.com\/blog\/#\/schema\/person\/image\/\",\"url\":\"https:\/\/secure.gravatar.com\/avatar\/6f58a181ef24e0dc0bb73f096aa0f8b5?s=96&d=mm&r=g\",\"contentUrl\":\"https:\/\/secure.gravatar.com\/avatar\/6f58a181ef24e0dc0bb73f096aa0f8b5?s=96&d=mm&r=g\",\"caption\":\"Reda\u00e7\u00e3o Beduka (a)\"},\"description\":\"Este conte\u00fado foi criado e validado por uma equipe multidisciplinar, formada por especialistas em cada \u00e1rea do conhecimento. O Beduka est\u00e1 presente no Instagram, YouTube, LinkedIn e em diversos outros ambientes digitais. O site foi criado em 2017 e, desde a sua funda\u00e7\u00e3o, atua para fornecer materiais de qualidade para facilitar a vida de estudantes de todo o Brasil, ajudando-os a se preparar para os principais vestibulares e o Enem.\",\"sameAs\":[\"https:\/\/www.facebook.com\/beduka.buscadordefaculdades\",\"https:\/\/www.instagram.com\/beduka_oficial\/\",\"https:\/\/br.pinterest.com\/bedukaoficial\/\"],\"url\":\"https:\/\/beduka.com\/blog\/author\/admin\/\"}]}<\/script>\n<!-- \/ Yoast SEO plugin. -->","yoast_head_json":{"title":"Os 5 melhores exerc\u00edcios sobre G\u00eaneros Liter\u00e1rios com gabarito","description":"Teste seus conhecimentos para o ENEM e outros vestibulares resolvendo alguns exerc\u00edcios sobre g\u00eaneros liter\u00e1rios! Revise sobre g\u00eanero dram\u00e1tico, g\u00eanero l\u00edrico e g\u00eanero \u00e9pico.","robots":{"index":"index","follow":"follow","max-snippet":"max-snippet:-1","max-image-preview":"max-image-preview:large","max-video-preview":"max-video-preview:-1"},"canonical":"https:\/\/beduka.com\/blog\/exercicios\/portugues-exercicios\/exercicios-sobre-generos-literarios\/","og_locale":"pt_BR","og_type":"article","og_title":"Os 5 melhores exerc\u00edcios sobre G\u00eaneros Liter\u00e1rios com gabarito","og_description":"Teste seus conhecimentos para o ENEM e outros vestibulares resolvendo alguns exerc\u00edcios sobre g\u00eaneros liter\u00e1rios! Revise sobre g\u00eanero dram\u00e1tico, g\u00eanero l\u00edrico e g\u00eanero \u00e9pico.","og_url":"https:\/\/beduka.com\/blog\/exercicios\/portugues-exercicios\/exercicios-sobre-generos-literarios\/","og_site_name":"Blog do Beduka | Mat\u00e9rias resumidas, Dicas e Exerc\u00edcios Enem","article_publisher":"https:\/\/www.facebook.com\/beduka.buscadordefaculdades\/","article_author":"https:\/\/www.facebook.com\/beduka.buscadordefaculdades","article_published_time":"2019-04-18T16:33:25+00:00","article_modified_time":"2021-11-03T13:24:11+00:00","og_image":[{"width":609,"height":342,"url":"https:\/\/beduka.com\/blog\/wp-content\/uploads\/2019\/04\/Os-5-melhores-exercicios-sobre-Generos-Literarios.jpg","type":"image\/jpeg"}],"author":"Reda\u00e7\u00e3o Beduka (a)","twitter_card":"summary_large_image","twitter_misc":{"Escrito por":"Reda\u00e7\u00e3o Beduka (a)","Est. tempo de leitura":"10 minutos"},"schema":{"@context":"https:\/\/schema.org","@graph":[{"@type":"Article","@id":"https:\/\/beduka.com\/blog\/exercicios\/portugues-exercicios\/exercicios-sobre-generos-literarios\/#article","isPartOf":{"@id":"https:\/\/beduka.com\/blog\/exercicios\/portugues-exercicios\/exercicios-sobre-generos-literarios\/"},"author":{"name":"Reda\u00e7\u00e3o Beduka (a)","@id":"https:\/\/beduka.com\/blog\/#\/schema\/person\/325d912d2cb8dd9ede8ab291427d2b8a"},"headline":"Os 5 melhores exerc\u00edcios sobre G\u00eaneros Liter\u00e1rios com gabarito","datePublished":"2019-04-18T16:33:25+00:00","dateModified":"2021-11-03T13:24:11+00:00","mainEntityOfPage":{"@id":"https:\/\/beduka.com\/blog\/exercicios\/portugues-exercicios\/exercicios-sobre-generos-literarios\/"},"wordCount":2003,"commentCount":0,"publisher":{"@id":"https:\/\/beduka.com\/blog\/#organization"},"keywords":["g\u00eaneros liter\u00e1rios"],"articleSection":["Portugu\u00eas"],"inLanguage":"pt-BR","potentialAction":[{"@type":"CommentAction","name":"Comment","target":["https:\/\/beduka.com\/blog\/exercicios\/portugues-exercicios\/exercicios-sobre-generos-literarios\/#respond"]}]},{"@type":"WebPage","@id":"https:\/\/beduka.com\/blog\/exercicios\/portugues-exercicios\/exercicios-sobre-generos-literarios\/","url":"https:\/\/beduka.com\/blog\/exercicios\/portugues-exercicios\/exercicios-sobre-generos-literarios\/","name":"Os 5 melhores exerc\u00edcios sobre G\u00eaneros Liter\u00e1rios com gabarito","isPartOf":{"@id":"https:\/\/beduka.com\/blog\/#website"},"datePublished":"2019-04-18T16:33:25+00:00","dateModified":"2021-11-03T13:24:11+00:00","description":"Teste seus conhecimentos para o ENEM e outros vestibulares resolvendo alguns exerc\u00edcios sobre g\u00eaneros liter\u00e1rios! Revise sobre g\u00eanero dram\u00e1tico, g\u00eanero l\u00edrico e g\u00eanero \u00e9pico.","breadcrumb":{"@id":"https:\/\/beduka.com\/blog\/exercicios\/portugues-exercicios\/exercicios-sobre-generos-literarios\/#breadcrumb"},"inLanguage":"pt-BR","potentialAction":[{"@type":"ReadAction","target":["https:\/\/beduka.com\/blog\/exercicios\/portugues-exercicios\/exercicios-sobre-generos-literarios\/"]}]},{"@type":"BreadcrumbList","@id":"https:\/\/beduka.com\/blog\/exercicios\/portugues-exercicios\/exercicios-sobre-generos-literarios\/#breadcrumb","itemListElement":[{"@type":"ListItem","position":1,"name":"Home","item":"https:\/\/beduka.com\/blog\/"},{"@type":"ListItem","position":2,"name":"Os 5 melhores exerc\u00edcios sobre G\u00eaneros Liter\u00e1rios com gabarito"}]},{"@type":"WebSite","@id":"https:\/\/beduka.com\/blog\/#website","url":"https:\/\/beduka.com\/blog\/","name":"Blog do Beduka | Mat\u00e9rias resumidas, Dicas e Exerc\u00edcios Enem","description":"O Blog do Beduka tem os conte\u00fados que mais caem no Enem, exerc\u00edcios de vestibular com gabarito, resumos, dicas e informa\u00e7\u00f5es Sisu, Prouni e Fies.Encontre dicas para o ENEM, resumos, exerc\u00edcios e informa\u00e7\u00f5es sobre os vestibulares. Acesse agora!","publisher":{"@id":"https:\/\/beduka.com\/blog\/#organization"},"potentialAction":[{"@type":"SearchAction","target":{"@type":"EntryPoint","urlTemplate":"https:\/\/beduka.com\/blog\/?s={search_term_string}"},"query-input":"required name=search_term_string"}],"inLanguage":"pt-BR"},{"@type":"Organization","@id":"https:\/\/beduka.com\/blog\/#organization","name":"Beduka","url":"https:\/\/beduka.com\/blog\/","logo":{"@type":"ImageObject","inLanguage":"pt-BR","@id":"https:\/\/beduka.com\/blog\/#\/schema\/logo\/image\/","url":"https:\/\/beduka.com\/blog\/wp-content\/uploads\/2020\/06\/marca-beduka.png","contentUrl":"https:\/\/beduka.com\/blog\/wp-content\/uploads\/2020\/06\/marca-beduka.png","width":1077,"height":368,"caption":"Beduka"},"image":{"@id":"https:\/\/beduka.com\/blog\/#\/schema\/logo\/image\/"},"sameAs":["https:\/\/www.facebook.com\/beduka.buscadordefaculdades\/","https:\/\/www.instagram.com\/beduka_oficial\/","https:\/\/www.linkedin.com\/company\/beduka","https:\/\/br.pinterest.com\/bedukaoficial\/","https:\/\/www.youtube.com\/beduka"]},{"@type":"Person","@id":"https:\/\/beduka.com\/blog\/#\/schema\/person\/325d912d2cb8dd9ede8ab291427d2b8a","name":"Reda\u00e7\u00e3o Beduka (a)","image":{"@type":"ImageObject","inLanguage":"pt-BR","@id":"https:\/\/beduka.com\/blog\/#\/schema\/person\/image\/","url":"https:\/\/secure.gravatar.com\/avatar\/6f58a181ef24e0dc0bb73f096aa0f8b5?s=96&d=mm&r=g","contentUrl":"https:\/\/secure.gravatar.com\/avatar\/6f58a181ef24e0dc0bb73f096aa0f8b5?s=96&d=mm&r=g","caption":"Reda\u00e7\u00e3o Beduka (a)"},"description":"Este conte\u00fado foi criado e validado por uma equipe multidisciplinar, formada por especialistas em cada \u00e1rea do conhecimento. O Beduka est\u00e1 presente no Instagram, YouTube, LinkedIn e em diversos outros ambientes digitais. O site foi criado em 2017 e, desde a sua funda\u00e7\u00e3o, atua para fornecer materiais de qualidade para facilitar a vida de estudantes de todo o Brasil, ajudando-os a se preparar para os principais vestibulares e o Enem.","sameAs":["https:\/\/www.facebook.com\/beduka.buscadordefaculdades","https:\/\/www.instagram.com\/beduka_oficial\/","https:\/\/br.pinterest.com\/bedukaoficial\/"],"url":"https:\/\/beduka.com\/blog\/author\/admin\/"}]}},"_links":{"self":[{"href":"https:\/\/beduka.com\/blog\/wp-json\/wp\/v2\/posts\/6636"}],"collection":[{"href":"https:\/\/beduka.com\/blog\/wp-json\/wp\/v2\/posts"}],"about":[{"href":"https:\/\/beduka.com\/blog\/wp-json\/wp\/v2\/types\/post"}],"author":[{"embeddable":true,"href":"https:\/\/beduka.com\/blog\/wp-json\/wp\/v2\/users\/1"}],"replies":[{"embeddable":true,"href":"https:\/\/beduka.com\/blog\/wp-json\/wp\/v2\/comments?post=6636"}],"version-history":[{"count":13,"href":"https:\/\/beduka.com\/blog\/wp-json\/wp\/v2\/posts\/6636\/revisions"}],"predecessor-version":[{"id":23741,"href":"https:\/\/beduka.com\/blog\/wp-json\/wp\/v2\/posts\/6636\/revisions\/23741"}],"wp:featuredmedia":[{"embeddable":true,"href":"https:\/\/beduka.com\/blog\/wp-json\/wp\/v2\/media\/23738"}],"wp:attachment":[{"href":"https:\/\/beduka.com\/blog\/wp-json\/wp\/v2\/media?parent=6636"}],"wp:term":[{"taxonomy":"category","embeddable":true,"href":"https:\/\/beduka.com\/blog\/wp-json\/wp\/v2\/categories?post=6636"},{"taxonomy":"post_tag","embeddable":true,"href":"https:\/\/beduka.com\/blog\/wp-json\/wp\/v2\/tags?post=6636"}],"curies":[{"name":"wp","href":"https:\/\/api.w.org\/{rel}","templated":true}]}}