{"id":7643,"date":"2019-05-28T13:35:31","date_gmt":"2019-05-28T16:35:31","guid":{"rendered":"https:\/\/beduka.com\/blog\/?p=7643"},"modified":"2023-03-28T13:43:00","modified_gmt":"2023-03-28T16:43:00","slug":"exercicios-sobre-verbos","status":"publish","type":"post","link":"https:\/\/beduka.com\/blog\/exercicios\/portugues-exercicios\/exercicios-sobre-verbos\/","title":{"rendered":"Fortale\u00e7a sua gram\u00e1tica: os 14 melhores exerc\u00edcios sobre Verbos (com Gabarito)"},"content":{"rendered":"\n<blockquote class=\"wp-block-quote\"><p><strong><em>O verbo \u00e9 uma classe de palavras muito importante para qualquer l\u00edngua, pois a maior parte das atividades humanas precisam de um verbo para serem expressas.<\/em> Por isso, exerc\u00edcios sobre verbos sempre caem nos vestibulares.<\/strong><\/p><p><strong><em>Eles indicam processos, a\u00e7\u00f5es, fen\u00f4menos, entre outros acontecimentos. Existe a conjuga\u00e7\u00e3o, o tempo e a estrutura verbal, que s\u00e3o fundamentais para entendermos as principais caracter\u00edsticas do verbo e como \u00e9 funciona sua classifica\u00e7\u00e3o.<\/em><\/strong><\/p><p>Para que voc\u00ea entenda melhor, aproveite o resumo que fizemos. Depois \u00e9 s\u00f3 praticar<strong><em> com os nossos exerc\u00edcios sobre verbos e conferir o gabarito no final. Assim, voc\u00ea vai arrasar em todas as quest\u00f5es do Enem sobre o assunto!!!<\/em><\/strong><\/p><\/blockquote>\n\n\n\n<p>Neste artigo, voc\u00ea vai poder resolver v\u00e1rios exerc\u00edcios sobre verbos<strong>. Tem bastante conte\u00fado pela frente, ent\u00e3o,<strong> clique em um dos t\u00f3picos para ir diretamente ao que deseja<\/strong>:<\/strong><\/p>\n\n\n\n<ul><li><a href=\"#que-s\u00e3o-verbos?\" data-type=\"internal\" data-id=\"#que-s\u00e3o-verbos?\">O que s\u00e3o verbos?<\/a><\/li><li><a href=\"#que-s\u00e3o-as-conjuga\u00e7\u00f5es\" data-type=\"internal\" data-id=\"#que-s\u00e3o-as-conjuga\u00e7\u00f5es\">O que s\u00e3o as conjuga\u00e7\u00f5es dos verbos?<\/a><\/li><li><a href=\"#empo-verbal\" data-type=\"internal\" data-id=\"#empo-verbal\">O que \u00e9 tempo verbal?<\/a><\/li><li><a href=\"#strutura-das\" data-type=\"internal\" data-id=\"#strutura-das\">Quais s\u00e3o as estruturas das formas verbais?<\/a><\/li><li><a href=\"#assifica\u00e7\u00e3o\" data-type=\"internal\" data-id=\"#assifica\u00e7\u00e3o\">Qual a classifica\u00e7\u00e3o dos Verbos?<\/a><\/li><li><a href=\"#xerc\u00edcios\" data-type=\"internal\" data-id=\"#xerc\u00edcios\">Os 14 melhores exerc\u00edcios sobre Verbos!<\/a><\/li><li><a href=\"#abarito-\" data-type=\"internal\" data-id=\"#abarito-\">Gabarito das quest\u00f5es sobre Verbos.<\/a><\/li><li><a href=\"#faculdade\">N\u00f3s te conectamos \u00e0 faculdade!<\/a><\/li><\/ul>\n\n\n\n<p>Sabia que, al\u00e9m de resolver os exerc\u00edcios sobre verbos, voc\u00ea pode ter um aproveitamento m\u00e1ximo no Enem se estudar da forma correta? Basta baixar o nosso <a rel=\"noreferrer noopener\" href=\"https:\/\/materiais-lp.beduka.com\/baixe-seu-plano-de-estudos-2023?utm_source=POPUPblog&amp;utm_medium=blog&amp;utm_campaign=ebooknotadoenem&amp;utm_content=centrobranco\" target=\"_blank\"><strong>Plano de Estudos 2023<\/strong><\/a><strong>! <\/strong>Com ele, voc\u00ea saber <strong>o que, como e por quanto tempo estudar,<\/strong> al\u00e9m de ter <strong>dicas de tema de reda\u00e7\u00e3o e muito mais<\/strong>!!!<\/p>\n\n\n\n<h2 class=\"wp-block-heading\" id=\"que-s\u00e3o-verbos?\">O que s\u00e3o verbos?<\/h2>\n\n\n\n<figure class=\"wp-block-gallery aligncenter has-nested-images columns-default is-cropped wp-block-gallery-1 is-layout-flex\">\n<figure class=\"wp-block-image size-large\"><img decoding=\"async\" loading=\"lazy\" width=\"600\" height=\"300\" data-id=\"29369\"  src=\"https:\/\/beduka.com\/blog\/wp-content\/uploads\/2023\/03\/Exercicios-sobre-Verbos.jpg\" alt=\"\" class=\"wp-image-29369\"\/><\/figure>\n<\/figure>\n\n\n\n<p><strong><a rel=\"noreferrer noopener\" aria-label=\"Verbos (abre numa nova aba)\" href=\"https:\/\/beduka.com\/blog\/materias\/portugues\/o-que-sao-verbos\/\" target=\"_blank\">Verbos<\/a><\/strong> s\u00e3o aquelas palavras que indicam <strong>a\u00e7\u00e3o, estado, processos, fen\u00f4menos ou acontecimentos representados no tempo.<\/strong> O verbo \u00e9 a<strong> classe de palavras <\/strong>que se flexiona em<strong> n\u00famero, tempo, pessoa, modo e voz.<\/strong><\/p>\n\n\n\n<blockquote class=\"wp-block-quote\"><p>Leia tamb\u00e9m sobre <a href=\"https:\/\/beduka.com\/blog\/materias\/portugues\/verbos-transitivos-e-intransitivos\/\">verbos transitivos e intransitivos<\/a>! <\/p><\/blockquote>\n\n\n\n<p>Eles s\u00e3o caracterizados de acordo com as<strong> flex\u00f5es<\/strong> e <strong>n\u00e3o pelo significado <\/strong>que passa. <\/p>\n\n\n\n<p><strong>Veja alguns exemplos de verbos de a\u00e7\u00e3o na tirinha abaixo: <\/strong><\/p>\n\n\n\n<figure class=\"wp-block-gallery aligncenter has-nested-images columns-default is-cropped wp-block-gallery-3 is-layout-flex\">\n<figure class=\"wp-block-image size-large\"><img decoding=\"async\" loading=\"lazy\" width=\"600\" height=\"300\" data-id=\"7647\"  src=\"https:\/\/beduka.com\/blog\/wp-content\/uploads\/2019\/05\/tirinha-fernando-gonsales.jpg\" alt=\"tirinha de verbos\" class=\"wp-image-7647\" srcset=\"https:\/\/beduka.com\/blog\/wp-content\/uploads\/2019\/05\/tirinha-fernando-gonsales.jpg 600w, https:\/\/beduka.com\/blog\/wp-content\/uploads\/2019\/05\/tirinha-fernando-gonsales-300x150.jpg 300w, https:\/\/beduka.com\/blog\/wp-content\/uploads\/2019\/05\/tirinha-fernando-gonsales-320x160.jpg 320w\" sizes=\"(max-width: 600px) 100vw, 600px\" \/><\/figure>\n<\/figure>\n\n\n\n<blockquote class=\"wp-block-quote\"><p>Temos um<strong> simulado online 100% gratuito <\/strong>que te ajuda a se preparar para a prova do ENEM. <a rel=\"noreferrer noopener\" aria-label=\" (abre numa nova aba)\" href=\"https:\/\/beduka.com\/simulado\/#\/\" target=\"_blank\">Confira j\u00e1!<\/a><\/p><\/blockquote>\n\n\n\n<h2 class=\"wp-block-heading\" id=\"que-s\u00e3o-as-conjuga\u00e7\u00f5es\">O que s\u00e3o as conjuga\u00e7\u00f5es dos verbos?<\/h2>\n\n\n\n<p><strong>Conjuga\u00e7\u00e3o verbal<\/strong> pode ser definida como a flex\u00e3o de um verbo nos seus modos, tempos, pessoas, n\u00fameros e vozes. Existem <strong>tr\u00eas conjuga\u00e7\u00f5es principais:<\/strong><\/p>\n\n\n\n<ul><li><strong>Primeira conjuga\u00e7\u00e3o<\/strong> para verbos terminados em -ar;<\/li><li><strong>Segunda conjuga\u00e7\u00e3o<\/strong> para verbos terminados em -er;<\/li><li><strong>Terceira conjuga\u00e7\u00e3o<\/strong> para verbos terminados em -ir.<\/li><\/ul>\n\n\n\n<h2 class=\"wp-block-heading\" id=\"empo-verbal\">O que \u00e9 tempo verbal?<\/h2>\n\n\n\n<p>O<strong> tempo verbal<\/strong> indica em que momento ocorre a <strong>a\u00e7\u00e3o do verbo,<\/strong> se \u00e9 <strong>presente, passado ou futuro,<\/strong> al\u00e9m de ser dividido entre <strong>simples ou composto.<\/strong> \u00c9 importante saber o tempo verbal para realizar a conjuga\u00e7\u00e3o do verbo.<\/p>\n\n\n\n<p>Para identificar o tempo, basta voc\u00ea pensar sobre quando a a\u00e7\u00e3o est\u00e1 sendo praticada, ou melhor, se ela foi, est\u00e1 ou ser\u00e1 praticada. Caso represente um estado (como ser e estar), tente entender em que momento o sujeito se insere nele<strong> (foi?, \u00e9?, ser\u00e1?).<\/strong><\/p>\n\n\n\n<p>Isso vai te ajudar muito na hora de solucionar os exerc\u00edcios sobre verbos.<\/p>\n\n\n\n<h2 class=\"wp-block-heading\" id=\"strutura-das\">Quais s\u00e3o as estruturas das formas verbais?<\/h2>\n\n\n\n<p>A <strong>estrutura da forma verbal<\/strong> pode ser representada pelo <strong>radical, tema, desin\u00eancia modo-temporal e n\u00famero-pessoal.<\/strong> Entenda a forma verbal para conseguir fazer os exerc\u00edcios sobre verbos.<\/p>\n\n\n\n<ul><li><strong>Radical: <\/strong>\u00e9 invari\u00e1vel, mostra o significado essencial do verbo. Como por exemplo: <\/li><\/ul>\n\n\n\n<p class=\"has-text-align-center\"><strong>And<\/strong>-ei, <strong>And<\/strong>-ava, <strong>And<\/strong>-avam <strong>(Radical: And).<\/strong><br><\/p>\n\n\n\n<ul><li><strong>Tema: <\/strong>\u00e9 a vogal tem\u00e1tica que mostra a conjuga\u00e7\u00e3o do verbo. Como por exemplo:<\/li><\/ul>\n\n\n\n<p class=\"has-text-align-center\">And<strong>a<\/strong>-r<strong> (Vogal tem\u00e1tica: a).<\/strong><\/p>\n\n\n\n<p class=\"has-text-align-center\">Vend<strong>e<\/strong>-r<strong> (Vogal tem\u00e1tica: e).<\/strong><\/p>\n\n\n\n<p class=\"has-text-align-center\">Part<strong>i<\/strong>-r <strong>(Vogal tem\u00e1tica: i).<\/strong><br><\/p>\n\n\n\n<ul><li><strong> Desin\u00eancia modo-temporal: <\/strong>\u00e9 a parte que designa o tempo verbal e o modo do verbo. Como por exemplo: <\/li><\/ul>\n\n\n\n<p class=\"has-text-align-center\">And\u00e1<strong>va<\/strong>mos (pret\u00e9rito imperfeito do indicativo).<\/p>\n\n\n\n<p class=\"has-text-align-center\">Anda<strong>sse<\/strong> (pret\u00e9rito imperfeito do subjuntivo).<br><\/p>\n\n\n\n<ul><li><strong> Desin\u00eancia n\u00famero-pessoal: <\/strong>\u00e9 a parte que mostra qual \u00e9 a pessoa do discurso e se \u00e9 uma ou mais pessoas, singular ou plural. Como por exemplo: <\/li><\/ul>\n\n\n\n<p class=\"has-text-align-center\">Anda<strong>mos<\/strong> (primeira pessoa do plural) .<\/p>\n\n\n\n<p class=\"has-text-align-center\">Andava<strong>m<\/strong> (terceira pessoa do plural).<br><\/p>\n\n\n\n<blockquote class=\"wp-block-quote\"><p>Baixe o melhor <a rel=\"noreferrer noopener\" aria-label=\" (abre numa nova aba)\" href=\"https:\/\/beduka.com\/blog\/enem\/plano-de-estudos-gratuito\/\" target=\"_blank\">plano de estudos<\/a> que voc\u00ea encontrar\u00e1 na internet.<\/p><\/blockquote>\n\n\n\n<h2 class=\"wp-block-heading\" id=\"assifica\u00e7\u00e3o\">Como os verbos s\u00e3o classificados?<\/h2>\n\n\n\n<p>Os verbos, apesar de serem da mesma fam\u00edlia (classe gramatical), <strong>sofrem algumas varia\u00e7\u00f5es entre si.<\/strong> Essas varia\u00e7\u00f5es costumam ser cobradas no vestibular e por isso precisam ser estudadas. <\/p>\n\n\n\n<p>Veja a classifica\u00e7\u00e3o dos verbos e fique atento para n\u00e3o esquecer! <strong>Isso ser\u00e1 fundamental na hora de resolver os exerc\u00edcios sobre verbos.<\/strong><\/p>\n\n\n\n<ul><li><strong>Verbos Regulares: <\/strong>Possuem conjuga\u00e7\u00e3o dentro do padr\u00e3o esperado, sem altera\u00e7\u00e3o no radical e com mesma estrutura b\u00e1sica nas desin\u00eancias.<\/li><li><strong>Verbos Irregulares: <\/strong>Trazem varia\u00e7\u00f5es em algumas conjuga\u00e7\u00f5es.<\/li><li><strong>Verbos Defectivos: <\/strong>Podem ser de tr\u00eas tipos, sendo eles impessoais, unipessoais, pessoais.<\/li><li><strong>Verbos Abundantes:<\/strong> Possuem mais de uma forma aceita em algumas conjuga\u00e7\u00f5es.<\/li><\/ul>\n\n\n\n<p>Saiba mais sobre verbos entendendo <strong>o que \u00e9 um verbo transitivo direto<\/strong>. <a rel=\"noreferrer noopener\" aria-label=\" (abre numa nova aba)\" href=\"https:\/\/beduka.com\/blog\/materias\/portugues\/o-que-e-verbo-transitivo-direto\/\" target=\"_blank\">Clique aqui!<\/a><\/p>\n\n\n\n<p>Agora que voc\u00ea j\u00e1 lembrou tudo sobre os verbos, responda algumas quest\u00f5es sobre eles.<\/p>\n\n\n\n<h2 class=\"wp-block-heading\" id=\"abarito-\">Os 14 melhores exerc\u00edcios sobre Verbos<\/h2>\n\n\n\n<p>Dominar a mat\u00e9ria de<a rel=\"noreferrer noopener\" aria-label=\" (abre numa nova aba)\" href=\"https:\/\/beduka.com\/blog\/exercicios\/portugues-exercicios\/\" target=\"_blank\"> Portugu\u00eas <\/a>\u00e9 essencial para conseguir boas notas em qualquer prova de vestibular. Sair-se bem nos trabalhos da faculdade e aplicar o idioma no cotidiano de sua <a rel=\"noreferrer noopener\" aria-label=\" (abre numa nova aba)\" href=\"https:\/\/beduka.com\/blog\/dicas\/profissoes\/\" target=\"_blank\">profiss\u00e3o<\/a>. Chegou a hora de rever e fazer<strong> exerc\u00edcios sobre verbos. <\/strong>Vamos l\u00e1?<\/p>\n\n\n\n<p><strong>Quest\u00e3o 1 &#8211; <a rel=\"noreferrer noopener\" aria-label=\"(TRT) (abre numa nova aba)\" href=\"https:\/\/portal.trt3.jus.br\/internet\" target=\"_blank\">(TRT)<\/a> &#8211;<\/strong> &#8220;(&#8230;) que PARECIA suave anjo de voz tranquila.&#8221; O verbo de mesmo tempo e modo em que se encontra o verbo grifado acima est\u00e1 na frase:<\/p>\n\n\n\n<p><strong>a)<\/strong> (&#8230;) em que se AMARRAVA cachorro com lingui\u00e7a<\/p>\n\n\n\n<p><strong>b) <\/strong>S\u00f3 num \u00fanico e mesmo jornal PERMANECI mais de vinte anos.<\/p>\n\n\n\n<p><strong>c)<\/strong> Algumas figuras se TORNARAM sombras (&#8230;)<\/p>\n\n\n\n<p><strong>d)<\/strong> (&#8230;) MORREU nas masmorras do Chile (&#8230;)<\/p>\n\n\n\n<p><strong>e)<\/strong> (&#8230;) que LARGOU o jornalismo (&#8230;)<\/p>\n\n\n\n<p><strong>Quest\u00e3o 2 &#8211; <a rel=\"noreferrer noopener\" aria-label=\"(UFSCar) (abre numa nova aba)\" href=\"https:\/\/www2.ufscar.br\/\" target=\"_blank\">(UFSCar)<\/a> &#8211; <\/strong>Indique a alternativa que completa corretamente as lacunas das frases:<\/p>\n\n\n\n<p><strong>I<\/strong> &#8211; Se nos &#8230;&#8230;. a fazer um esfor\u00e7o conjunto, teremos um pa\u00eds s\u00e9rio.<\/p>\n\n\n\n<p><strong>II<\/strong> &#8211; &#8230;&#8230;.o televisor ligado, para te informares dos \u00faltimos acontecimentos.<\/p>\n\n\n\n<p><strong>III<\/strong> &#8211; N\u00e3o havia programa que &#8230;&#8230;.o povo, ap\u00f3s o \u00faltimo notici\u00e1rio.<\/p>\n\n\n\n<p><strong>a)<\/strong> propormos &#8211; Mantenha &#8211; entretesse<\/p>\n\n\n\n<p><strong>b)<\/strong> propusermos &#8211; Mant\u00e9m &#8211; entretesse<\/p>\n\n\n\n<p><strong>c)<\/strong> propormos &#8211; Mant\u00e9m &#8211; entretivesse<\/p>\n\n\n\n<p><strong>d)<\/strong> propormos &#8211; Mant\u00e9m &#8211; entretesse<\/p>\n\n\n\n<p><strong>e)<\/strong> propusermos &#8211; Mant\u00e9m \u2013 entretivesse<\/p>\n\n\n\n<p><strong>Quest\u00e3o 3 &#8211; <a rel=\"noreferrer noopener\" aria-label=\"(UFMG) (abre numa nova aba)\" href=\"https:\/\/ufmg.br\/\" target=\"_blank\">(UFMG)<\/a> &#8211;<\/strong> Em todas as frases, os verbos est\u00e3o na voz ativa, exceto em:<\/p>\n\n\n\n<p><strong>a)<\/strong> Ele, que sempre vivera \u00f3rf\u00e3o de afei\u00e7\u00f5es leg\u00edtimas e duradouras, como ent\u00e3o seria feliz!&#8230;<\/p>\n\n\n\n<p><strong>b)<\/strong> O quinh\u00e3o de ternura que a ela pretendia, estava intacto no cora\u00e7\u00e3o do filho.<\/p>\n\n\n\n<p><strong>c)<\/strong> Os dois quadros tinham sido ambos bordados por Mariana e Ana Rosa, m\u00e3e e filha.<\/p>\n\n\n\n<p><strong>d)<\/strong> E dizia as in\u00fameras viagens que tinha feito at\u00e9 ali; contava epis\u00f3dios a respeito do boqueir\u00e3o.<\/p>\n\n\n\n<p><strong>e)<\/strong> Sobre a banca de Madalena estava o envelope de que ele tinha falado.<\/p>\n\n\n\n<p><strong>quest\u00e3o 4 &#8211; <a rel=\"noreferrer noopener\" aria-label=\"(UNIMEP-SP) (abre numa nova aba)\" href=\"http:\/\/unimep.edu.br\/\" target=\"_blank\">(UNIMEP-SP)<\/a> &#8211;<\/strong> &#8220;Assim eu quereria a minha \u00faltima cr\u00f4nica: que fosse pura como este sorriso.&#8221; (Fernando Sabino).<\/p>\n\n\n\n<p>Assinale a s\u00e9rie em que est\u00e3o devidamente classificadas as formas verbais em destaque:<\/p>\n\n\n\n<p><strong>a) <\/strong>futuro do pret\u00e9rito, presente do subjuntivo.<\/p>\n\n\n\n<p><strong>b)<\/strong> pret\u00e9rito mais-que-perfeito, pret\u00e9rito imperfeito do subjuntivo.<\/p>\n\n\n\n<p><strong>c)<\/strong> pret\u00e9rito mais-que-perfeito, presente do subjuntivo.<\/p>\n\n\n\n<p><strong>d)<\/strong> futuro do pret\u00e9rito, pret\u00e9rito imperfeito do subjuntivo.<\/p>\n\n\n\n<p><strong>e)<\/strong> pret\u00e9rito perfeito, futuro do pret\u00e9rito.<\/p>\n\n\n\n<p><strong>Quest\u00e3o 5 &#8211;<a rel=\"noreferrer noopener\" aria-label=\" (TRE-RJ) (abre numa nova aba)\" href=\"https:\/\/www.tre-rj.jus.br\/\" target=\"_blank\"> (TRE-RJ)<\/a> &#8211;<\/strong> Alguns tempos do modo indicativo podem ser utilizados com valor imperativo. Est\u00e1 neste caso o verbo sublinhado na seguinte alternativa:<\/p>\n\n\n\n<p><strong>a)<\/strong> Fa\u00e7a logo esse servi\u00e7o!<\/p>\n\n\n\n<p><strong>b)<\/strong> N\u00e3o matar\u00e1s, diz a B\u00edblia.<\/p>\n\n\n\n<p><strong>c)<\/strong> Saiam logo depois do sinal.<\/p>\n\n\n\n<p><strong>d) <\/strong>Prestem aten\u00e7\u00e3o ao que foi dito.<\/p>\n\n\n\n<p><strong>e)<\/strong> N\u00e3o des\u00e7am correndo a escada.<\/p>\n\n\n\n<blockquote class=\"wp-block-quote\"><p>Quando voc\u00ea terminar as quest\u00f5es sobre verbos<strong>,<\/strong> <strong>coloque em pr\u00e1tica todo seu conhecimento com<\/strong><a href=\"https:\/\/beduka.com\/simulado-enem\/#\/\"><strong> O Melhor Simulado Enem do Brasil<\/strong><\/a><strong>!<\/strong><\/p><\/blockquote>\n\n\n\n<p><strong>Quest\u00e3o 6 &#8211; <a rel=\"noreferrer noopener\" aria-label=\"(MED \u2013 SANTOS) (abre numa nova aba)\" href=\"http:\/\/www.lusiada.br\/cursos\/graduacao\/medicina\/\" target=\"_blank\">(MED \u2013 SANTOS)<\/a> &#8211;<\/strong> Assinale a frase inteiramente correta:<\/p>\n\n\n\n<p><strong>a)<\/strong> Se voc\u00ea requisesse e seu advogado intervisse, talvez reavesse todos os seus bens.<\/p>\n\n\n\n<p><strong>b)<\/strong> Se voc\u00ea requeresse e seu advogado interviesse, talvez reouvesse todos os seus bens.<\/p>\n\n\n\n<p><strong>c)<\/strong> Se voc\u00ea requizesse e seu advogado intervesse, talvez reaveria todos os seus bens.<\/p>\n\n\n\n<p><strong>d)<\/strong> Se voc\u00ea requisesse e seu advogado intervesse, talvez reaveria todos os seus bens.<\/p>\n\n\n\n<p><strong>e)<\/strong> Se voc\u00ea requeresse e seu advogado intervisse, talvez reouvesse todos os seus bens.<\/p>\n\n\n\n<p><strong>Quest\u00e3o 7 &#8211; <a rel=\"noreferrer noopener\" aria-label=\"(MED \u2013 SANTOS) (abre numa nova aba)\" href=\"http:\/\/www.lusiada.br\/cursos\/graduacao\/medicina\/\" target=\"_blank\">(MED \u2013 SANTOS)<\/a> &#8211;<\/strong> A forma que pode estar no futuro do subjuntivo \u00e9:<\/p>\n\n\n\n<p><strong>a)<\/strong> Quando virdes a realidade dos fatos\u2026<\/p>\n\n\n\n<p><strong>b) <\/strong>Se irmos diretamente ao assunto\u2026<\/p>\n\n\n\n<p><strong>c)<\/strong> Quando vos verdes em id\u00eanticas situa\u00e7\u00f5es\u2026<\/p>\n\n\n\n<p><strong>d)<\/strong> Se susterdes a palavra\u2026<\/p>\n\n\n\n<p><strong>e)<\/strong> Se v\u00f3s imposerdes a vossa ideia\u2026<\/p>\n\n\n\n<ul><li><strong>Muito bem!<\/strong> Chegamos \u00e0 metade dos exerc\u00edcios sobre verbo. Continue com o bom trabalho.<\/li><\/ul>\n\n\n\n<p><strong>Quest\u00e3o 8 &#8211; <a rel=\"noreferrer noopener\" aria-label=\"(UFF) (abre numa nova aba)\" href=\"http:\/\/www.uff.br\/\" target=\"_blank\">(UFF)<\/a> &#8211; <\/strong>Assinale a frase em que h\u00e1 um erro de conjuga\u00e7\u00e3o verbal:<\/p>\n\n\n\n<p><strong>a)<\/strong> Requeiro-lhe um atestado de bons antecedentes.<\/p>\n\n\n\n<p><strong>b)<\/strong> Ele interviu na quest\u00e3o.<\/p>\n\n\n\n<p><strong>c) <\/strong>Eles foram pegos de surpresa.<\/p>\n\n\n\n<p><strong>d)<\/strong> O vendeiro proveu o seu armaz\u00e9m do necess\u00e1rio.<\/p>\n\n\n\n<p><strong>e) <\/strong>Os meninos desavieram-se por causa do jogo.<\/p>\n\n\n\n<p><strong>Quest\u00e3o 9 &#8211; <a rel=\"noreferrer noopener\" aria-label=\"(UFF) (abre numa nova aba)\" href=\"http:\/\/www.uff.br\/\" target=\"_blank\">(UFF)<\/a> &#8211; <\/strong>Assinale a s\u00e9rie em que est\u00e3o devidamente classificadas as formas verbais destacadas:<\/p>\n\n\n\n<p>\u201cAo chegar da fazenda, espero que j\u00e1 tenha terminado a festa\u201d.<\/p>\n\n\n\n<p><strong>a)<\/strong> futuro do subjuntivo, pret\u00e9rito perfeito do subjuntivo<\/p>\n\n\n\n<p><strong>b)<\/strong> infinitivo, presente do subjuntivo<\/p>\n\n\n\n<p><strong>c)<\/strong> futuro do subjuntivo, presente do subjuntivo<\/p>\n\n\n\n<p><strong>d)<\/strong> infinitivo, pret\u00e9rito imperfeito do subjuntivo<\/p>\n\n\n\n<p><strong>e)<\/strong> infinitivo, pret\u00e9rito perfeito do subjuntivo<\/p>\n\n\n\n<p><strong>Quest\u00e3o 10 &#8211; <a rel=\"noreferrer noopener\" aria-label=\"(ENG \u2013 MACK) (abre numa nova aba)\" href=\"https:\/\/www.mackenzie.br\/\" target=\"_blank\">(ENG \u2013 MACK)<\/a> &#8211;<\/strong> S\u00f3 muito mais tarde vim, a saber, que a chuva os ___________ na estrada e que n\u00e3o _________ ningu\u00e9m que ______________.<\/p>\n\n\n\n<p><strong>a)<\/strong> detera; houve; os ajudasse;<\/p>\n\n\n\n<p><strong>b)<\/strong> detivera; houve; os ajudasse;<\/p>\n\n\n\n<p><strong>c)<\/strong> detera; teve; ajudasse eles;<\/p>\n\n\n\n<p><strong>d)<\/strong> detivera; houve; ajudasse eles;<\/p>\n\n\n\n<p><strong>e)<\/strong> detivera; teve; os ajudasse.<\/p>\n\n\n\n<p><strong>Quest\u00e3o 11 &#8211;<a rel=\"noreferrer noopener\" aria-label=\" (FEB) (abre numa nova aba)\" href=\"http:\/\/www.unifeb.edu.br\/\" target=\"_blank\"> (FEB)<\/a> &#8211;<\/strong> \u201cEle ___________ o carro a tempo, mas n\u00e3o ____________ a irrita\u00e7\u00e3o e ___________ \u2013 se com o outro motorista\u201d.<\/p>\n\n\n\n<p><strong>a)<\/strong> freou \u2013 conteve \u2013 desaveio<\/p>\n\n\n\n<p><strong>b)<\/strong> freiou \u2013 conteu \u2013 desaveu<\/p>\n\n\n\n<p><strong>c)<\/strong> freou \u2013 conteve \u2013 desaviu<\/p>\n\n\n\n<p><strong>d)<\/strong> freiou \u2013 conteve \u2013 desaveio<\/p>\n\n\n\n<p><strong>e)<\/strong> N. D. A.<\/p>\n\n\n\n<p><strong>Quest\u00e3o 12 &#8211; <a rel=\"noreferrer noopener\" aria-label=\"(FEB) (abre numa nova aba)\" href=\"http:\/\/www.unifeb.edu.br\/\" target=\"_blank\">(FEB)<\/a> &#8211;<\/strong> Assinale a alternativa que completa adequadamente as lacunas:<\/p>\n\n\n\n<p>\u201cVisto que a democratiza\u00e7\u00e3o do ensino \u00e9 uma necessidade, a escola p\u00fablica ___________ de ser realmente apoiada e defendida, embora muitos _______________ pois abaixamento de n\u00edvel\u201d.<\/p>\n\n\n\n<p><strong>a)<\/strong> tenha \u2013 contestem \u2013 haveria<\/p>\n\n\n\n<p><strong>b)<\/strong> tem \u2013 contestam \u2013 h\u00e1<\/p>\n\n\n\n<p><strong>c)<\/strong> tem \u2013 contestam \u2013 haveria<\/p>\n\n\n\n<p><strong>d)<\/strong> tem \u2013 contestem \u2013 haveria<\/p>\n\n\n\n<p><strong>e)<\/strong> N.D.A.<\/p>\n\n\n\n<ul><li><strong>Ufa! <\/strong>Estamos quase l\u00e1, faltam apenas duas atividades sobre verbos. Continue e depois confira o gabarito.<\/li><\/ul>\n\n\n\n<p><strong>Quest\u00e3o 13 &#8211; <a rel=\"noreferrer noopener\" aria-label=\"(CESGRANRIO) (abre numa nova aba)\" href=\"http:\/\/www.cesgranrio.org.br\/\" target=\"_blank\">(CESGRANRIO)<\/a> &#8211; <\/strong>No trecho: \u201c\u2026fui obrigado a d\u00e1-lo de presente a um bandido, seu amigo, quando, provou que completara na v\u00e9spera o seu vig\u00e9simo nono assassinato\u201d, o mais-que-perfeito foi empregado com seu valor normal; na linguagem liter\u00e1ria ele pode tamb\u00e9m aparecer no valor de:<\/p>\n\n\n\n<p><strong>a)<\/strong> imperativo afirmativo<\/p>\n\n\n\n<p><strong>b)<\/strong> pret\u00e9rito imperfeito do subjuntivo<\/p>\n\n\n\n<p><strong>c)<\/strong> pret\u00e9rito perfeito do indicativo<\/p>\n\n\n\n<p><strong>d)<\/strong> infinito pret\u00e9rito<\/p>\n\n\n\n<p><strong>e) <\/strong>futuro do pret\u00e9rito composto<\/p>\n\n\n\n<p><strong>Quest\u00e3o 14 &#8211; <a rel=\"noreferrer noopener\" aria-label=\"(CESGRANRIO) (abre numa nova aba)\" href=\"http:\/\/www.cesgranrio.org.br\/\" target=\"_blank\">(CESGRANRIO)<\/a> &#8211;<\/strong> \u201cAcesas\u201d \u00e9 partic\u00edpio adjetivo de \u201cacender\u201d, verbo chamado abundante, porque possui dupla forma de partic\u00edpio (acendido e aceso). Em abund\u00e2ncia, que \u00e9 geralmente do partic\u00edpio, em alguns verbos ocorre em outras formas. Assim, por exemplo, \u00e9 o caso de:<\/p>\n\n\n\n<p><strong>a)<\/strong> coser<\/p>\n\n\n\n<p><strong>b)<\/strong> olhar<\/p>\n\n\n\n<p><strong>c)<\/strong> haver<\/p>\n\n\n\n<p><strong>d)<\/strong> vir<\/p>\n\n\n\n<p><strong>e) <\/strong>dan\u00e7ar<\/p>\n\n\n\n<ul><li><strong>Parab\u00e9ns! <\/strong>Voc\u00ea j\u00e1 respondeu todos os exerc\u00edcios sobre verbos, agora confira no gabarito as respostas.<\/li><\/ul>\n\n\n\n<h2 class=\"wp-block-heading\">Gabarito dos Exerc\u00edcios sobre Verbos<\/h2>\n\n\n\n<p>Esperamos que tenha ido muito bem nas atividades sobre verbos. Veja quantas voc\u00ea acertou!<\/p>\n\n\n\n<p><strong>Exerc\u00edcio resolvido da quest\u00e3o 1 <\/strong><\/p>\n\n\n\n<p>a) (&#8230;) em que se AMARRAVA cachorro com lingui\u00e7a<\/p>\n\n\n\n<p><strong>Exerc\u00edcio resolvido da quest\u00e3o 2 <\/strong><\/p>\n\n\n\n<p>e) propusermos &#8211; Mant\u00e9m \u2013 entretivesse<\/p>\n\n\n\n<p><strong>Exerc\u00edcio resolvido da quest\u00e3o 3 <\/strong><\/p>\n\n\n\n<p>c) Os dois quadros tinham sido ambos bordados por Mariana e Ana Rosa, m\u00e3e e filha.<\/p>\n\n\n\n<p><strong>Exerc\u00edcio resolvido da quest\u00e3o 4 <\/strong><\/p>\n\n\n\n<p>d)futuro do pret\u00e9rito, pret\u00e9rito imperfeito do subjuntivo.<\/p>\n\n\n\n<p><strong>Exerc\u00edcio resolvido da quest\u00e3o 5 <\/strong><\/p>\n\n\n\n<p>b) N\u00e3o matar\u00e1s, diz a B\u00edblia.<\/p>\n\n\n\n<p><strong>Exerc\u00edcio resolvido da quest\u00e3o 6 <\/strong><\/p>\n\n\n\n<p>b) Se voc\u00ea requeresse e seu advogado interviesse, talvez reouvesse todos os seus bens.<\/p>\n\n\n\n<p><strong>Exerc\u00edcio resolvido da quest\u00e3o 7 <\/strong><\/p>\n\n\n\n<p>a) Quando virdes a realidade dos fatos\u2026<\/p>\n\n\n\n<p><strong>Exerc\u00edcio resolvido da quest\u00e3o 8 <\/strong><\/p>\n\n\n\n<p>b) Ele interviu na quest\u00e3o.<\/p>\n\n\n\n<p><strong>Exerc\u00edcio resolvido da quest\u00e3o 9 <\/strong><\/p>\n\n\n\n<p>b) infinitivo, presente do subjuntivo<\/p>\n\n\n\n<p><strong>Exerc\u00edcio resolvido da quest\u00e3o 10 <\/strong><\/p>\n\n\n\n<p>b) detivera; houve; os ajudasse;<\/p>\n\n\n\n<p><strong>Exerc\u00edcio resolvido da quest\u00e3o 11 <\/strong><\/p>\n\n\n\n<p>a) freou \u2013 conteve \u2013 desaveio<\/p>\n\n\n\n<p><strong>Exerc\u00edcio resolvido da quest\u00e3o 12 <\/strong><\/p>\n\n\n\n<p>d) tem \u2013 contestem \u2013 haveria<\/p>\n\n\n\n<p><strong>Exerc\u00edcio resolvido da quest\u00e3o 13 <\/strong><\/p>\n\n\n\n<p>b) pret\u00e9rito imperfeito do subjuntivo<\/p>\n\n\n\n<p><strong>Exerc\u00edcio resolvido da quest\u00e3o 14 <\/strong><\/p>\n\n\n\n<p>c) haver<\/p>\n\n\n\n<h2 class=\"wp-block-heading\" id=\"faculdade\">N\u00f3s te conectamos \u00e0 faculdade!<\/h2>\n\n\n\n<p>Voc\u00ea sabia que \u00e9 poss\u00edvel<strong> entrar em uma faculdade <\/strong>de excel\u00eancia sem fazer o Enem ou prestar vestibular?&nbsp;<\/p>\n\n\n\n<p>\u00c9 isso mesmo! Com o <strong>Beduka Bolsas<\/strong> voc\u00ea entra em uma <strong>faculdade de qualidade, <\/strong>no curso dos seus sonhos e ainda economiza seu dinheiro.<\/p>\n\n\n\n<p>O <strong>Beduka Bolsas<\/strong> \u00e9 uma plataforma dispon\u00edvel 24 horas, onde voc\u00ea pode adquirir uma <strong>bolsa de estudos de at\u00e9 65% de desconto<\/strong> na mensalidade.&nbsp;<\/p>\n\n\n\n<p>S\u00e3o mais de <strong>90 op\u00e7\u00f5es de cursos <\/strong>para voc\u00ea escolher, em uma de nossas universidades parceiras.<\/p>\n\n\n\n<ul><li><a href=\"https:\/\/beduka.com\/bolsas\" target=\"_blank\" rel=\"noreferrer noopener\"><strong>Acesse o Beduka Bolsas agora mesmo!<\/strong><\/a><\/li><\/ul>\n\n\n\n<p><strong>Desejamos bons estudos!<\/strong><\/p>\n","protected":false},"excerpt":{"rendered":"<p>Veja a lista de exerc\u00edcios sobre verbos e depois confira as respostas no nosso gabarito. Separamos as melhores quest\u00f5es que v\u00e3o te preparar ainda mais para a prova do ENEM.<\/p>\n","protected":false},"author":1,"featured_media":23706,"comment_status":"open","ping_status":"closed","sticky":false,"template":"","format":"standard","meta":{"_mi_skip_tracking":false,"_monsterinsights_sitenote_active":false,"_monsterinsights_sitenote_note":"","_monsterinsights_sitenote_category":0},"categories":[568,605],"tags":[764],"yoast_head":"<!-- This site is optimized with the Yoast SEO plugin v20.10 - https:\/\/yoast.com\/wordpress\/plugins\/seo\/ -->\n<title>Os 14 melhores exerc\u00edcios sobre Verbos com Gabarito<\/title>\n<meta name=\"description\" content=\"Veja a lista de exerc\u00edcios sobre verbos e depois confira as respostas no gabarito. Separamos as melhores quest\u00f5es que v\u00e3o te preparar para a prova do Enem.\" \/>\n<meta name=\"robots\" content=\"index, follow, max-snippet:-1, max-image-preview:large, max-video-preview:-1\" \/>\n<link rel=\"canonical\" href=\"https:\/\/beduka.com\/blog\/exercicios\/portugues-exercicios\/exercicios-sobre-verbos\/\" \/>\n<meta property=\"og:locale\" content=\"pt_BR\" \/>\n<meta property=\"og:type\" content=\"article\" \/>\n<meta property=\"og:title\" content=\"Os 14 melhores exerc\u00edcios sobre Verbos com Gabarito\" \/>\n<meta property=\"og:description\" content=\"Veja a lista de exerc\u00edcios sobre verbos e depois confira as respostas no gabarito. Separamos as melhores quest\u00f5es que v\u00e3o te preparar para a prova do Enem.\" \/>\n<meta property=\"og:url\" content=\"https:\/\/beduka.com\/blog\/exercicios\/portugues-exercicios\/exercicios-sobre-verbos\/\" \/>\n<meta property=\"og:site_name\" content=\"Blog do Beduka | Mat\u00e9rias resumidas, Dicas e Exerc\u00edcios Enem\" \/>\n<meta property=\"article:publisher\" content=\"https:\/\/www.facebook.com\/beduka.buscadordefaculdades\/\" \/>\n<meta property=\"article:author\" content=\"https:\/\/www.facebook.com\/beduka.buscadordefaculdades\" \/>\n<meta property=\"article:published_time\" content=\"2019-05-28T16:35:31+00:00\" \/>\n<meta property=\"article:modified_time\" content=\"2023-03-28T16:43:00+00:00\" \/>\n<meta property=\"og:image\" content=\"https:\/\/beduka.com\/blog\/wp-content\/uploads\/2019\/05\/Os-14-melhores-exercicios-sobre-Verbos.jpg\" \/>\n\t<meta property=\"og:image:width\" content=\"609\" \/>\n\t<meta property=\"og:image:height\" content=\"342\" \/>\n\t<meta property=\"og:image:type\" content=\"image\/jpeg\" \/>\n<meta name=\"author\" content=\"Reda\u00e7\u00e3o Beduka (a)\" \/>\n<meta name=\"twitter:card\" content=\"summary_large_image\" \/>\n<meta name=\"twitter:label1\" content=\"Escrito por\" \/>\n\t<meta name=\"twitter:data1\" content=\"Reda\u00e7\u00e3o Beduka (a)\" \/>\n\t<meta name=\"twitter:label2\" content=\"Est. tempo de leitura\" \/>\n\t<meta name=\"twitter:data2\" content=\"11 minutos\" \/>\n<script type=\"application\/ld+json\" class=\"yoast-schema-graph\">{\"@context\":\"https:\/\/schema.org\",\"@graph\":[{\"@type\":\"Article\",\"@id\":\"https:\/\/beduka.com\/blog\/exercicios\/portugues-exercicios\/exercicios-sobre-verbos\/#article\",\"isPartOf\":{\"@id\":\"https:\/\/beduka.com\/blog\/exercicios\/portugues-exercicios\/exercicios-sobre-verbos\/\"},\"author\":{\"name\":\"Reda\u00e7\u00e3o Beduka (a)\",\"@id\":\"https:\/\/beduka.com\/blog\/#\/schema\/person\/325d912d2cb8dd9ede8ab291427d2b8a\"},\"headline\":\"Fortale\u00e7a sua gram\u00e1tica: os 14 melhores exerc\u00edcios sobre Verbos (com Gabarito)\",\"datePublished\":\"2019-05-28T16:35:31+00:00\",\"dateModified\":\"2023-03-28T16:43:00+00:00\",\"mainEntityOfPage\":{\"@id\":\"https:\/\/beduka.com\/blog\/exercicios\/portugues-exercicios\/exercicios-sobre-verbos\/\"},\"wordCount\":2196,\"commentCount\":6,\"publisher\":{\"@id\":\"https:\/\/beduka.com\/blog\/#organization\"},\"keywords\":[\"Exerc\u00edcios sobre Verbos\"],\"articleSection\":[\"Exerc\u00edcios\",\"Portugu\u00eas\"],\"inLanguage\":\"pt-BR\",\"potentialAction\":[{\"@type\":\"CommentAction\",\"name\":\"Comment\",\"target\":[\"https:\/\/beduka.com\/blog\/exercicios\/portugues-exercicios\/exercicios-sobre-verbos\/#respond\"]}]},{\"@type\":\"WebPage\",\"@id\":\"https:\/\/beduka.com\/blog\/exercicios\/portugues-exercicios\/exercicios-sobre-verbos\/\",\"url\":\"https:\/\/beduka.com\/blog\/exercicios\/portugues-exercicios\/exercicios-sobre-verbos\/\",\"name\":\"Os 14 melhores exerc\u00edcios sobre Verbos com Gabarito\",\"isPartOf\":{\"@id\":\"https:\/\/beduka.com\/blog\/#website\"},\"datePublished\":\"2019-05-28T16:35:31+00:00\",\"dateModified\":\"2023-03-28T16:43:00+00:00\",\"description\":\"Veja a lista de exerc\u00edcios sobre verbos e depois confira as respostas no gabarito. Separamos as melhores quest\u00f5es que v\u00e3o te preparar para a prova do Enem.\",\"breadcrumb\":{\"@id\":\"https:\/\/beduka.com\/blog\/exercicios\/portugues-exercicios\/exercicios-sobre-verbos\/#breadcrumb\"},\"inLanguage\":\"pt-BR\",\"potentialAction\":[{\"@type\":\"ReadAction\",\"target\":[\"https:\/\/beduka.com\/blog\/exercicios\/portugues-exercicios\/exercicios-sobre-verbos\/\"]}]},{\"@type\":\"BreadcrumbList\",\"@id\":\"https:\/\/beduka.com\/blog\/exercicios\/portugues-exercicios\/exercicios-sobre-verbos\/#breadcrumb\",\"itemListElement\":[{\"@type\":\"ListItem\",\"position\":1,\"name\":\"Home\",\"item\":\"https:\/\/beduka.com\/blog\/\"},{\"@type\":\"ListItem\",\"position\":2,\"name\":\"Fortale\u00e7a sua gram\u00e1tica: os 14 melhores exerc\u00edcios sobre Verbos (com Gabarito)\"}]},{\"@type\":\"WebSite\",\"@id\":\"https:\/\/beduka.com\/blog\/#website\",\"url\":\"https:\/\/beduka.com\/blog\/\",\"name\":\"Blog do Beduka | Mat\u00e9rias resumidas, Dicas e Exerc\u00edcios Enem\",\"description\":\"O Blog do Beduka tem os conte\u00fados que mais caem no Enem, exerc\u00edcios de vestibular com gabarito, resumos, dicas e informa\u00e7\u00f5es Sisu, Prouni e Fies.Encontre dicas para o ENEM, resumos, exerc\u00edcios e informa\u00e7\u00f5es sobre os vestibulares. Acesse agora!\",\"publisher\":{\"@id\":\"https:\/\/beduka.com\/blog\/#organization\"},\"potentialAction\":[{\"@type\":\"SearchAction\",\"target\":{\"@type\":\"EntryPoint\",\"urlTemplate\":\"https:\/\/beduka.com\/blog\/?s={search_term_string}\"},\"query-input\":\"required name=search_term_string\"}],\"inLanguage\":\"pt-BR\"},{\"@type\":\"Organization\",\"@id\":\"https:\/\/beduka.com\/blog\/#organization\",\"name\":\"Beduka\",\"url\":\"https:\/\/beduka.com\/blog\/\",\"logo\":{\"@type\":\"ImageObject\",\"inLanguage\":\"pt-BR\",\"@id\":\"https:\/\/beduka.com\/blog\/#\/schema\/logo\/image\/\",\"url\":\"https:\/\/beduka.com\/blog\/wp-content\/uploads\/2020\/06\/marca-beduka.png\",\"contentUrl\":\"https:\/\/beduka.com\/blog\/wp-content\/uploads\/2020\/06\/marca-beduka.png\",\"width\":1077,\"height\":368,\"caption\":\"Beduka\"},\"image\":{\"@id\":\"https:\/\/beduka.com\/blog\/#\/schema\/logo\/image\/\"},\"sameAs\":[\"https:\/\/www.facebook.com\/beduka.buscadordefaculdades\/\",\"https:\/\/www.instagram.com\/beduka_oficial\/\",\"https:\/\/www.linkedin.com\/company\/beduka\",\"https:\/\/br.pinterest.com\/bedukaoficial\/\",\"https:\/\/www.youtube.com\/beduka\"]},{\"@type\":\"Person\",\"@id\":\"https:\/\/beduka.com\/blog\/#\/schema\/person\/325d912d2cb8dd9ede8ab291427d2b8a\",\"name\":\"Reda\u00e7\u00e3o Beduka (a)\",\"image\":{\"@type\":\"ImageObject\",\"inLanguage\":\"pt-BR\",\"@id\":\"https:\/\/beduka.com\/blog\/#\/schema\/person\/image\/\",\"url\":\"https:\/\/secure.gravatar.com\/avatar\/6f58a181ef24e0dc0bb73f096aa0f8b5?s=96&d=mm&r=g\",\"contentUrl\":\"https:\/\/secure.gravatar.com\/avatar\/6f58a181ef24e0dc0bb73f096aa0f8b5?s=96&d=mm&r=g\",\"caption\":\"Reda\u00e7\u00e3o Beduka (a)\"},\"description\":\"Este conte\u00fado foi criado e validado por uma equipe multidisciplinar, formada por especialistas em cada \u00e1rea do conhecimento. O Beduka est\u00e1 presente no Instagram, YouTube, LinkedIn e em diversos outros ambientes digitais. O site foi criado em 2017 e, desde a sua funda\u00e7\u00e3o, atua para fornecer materiais de qualidade para facilitar a vida de estudantes de todo o Brasil, ajudando-os a se preparar para os principais vestibulares e o Enem.\",\"sameAs\":[\"https:\/\/www.facebook.com\/beduka.buscadordefaculdades\",\"https:\/\/www.instagram.com\/beduka_oficial\/\",\"https:\/\/br.pinterest.com\/bedukaoficial\/\"],\"url\":\"https:\/\/beduka.com\/blog\/author\/admin\/\"}]}<\/script>\n<!-- \/ Yoast SEO plugin. -->","yoast_head_json":{"title":"Os 14 melhores exerc\u00edcios sobre Verbos com Gabarito","description":"Veja a lista de exerc\u00edcios sobre verbos e depois confira as respostas no gabarito. Separamos as melhores quest\u00f5es que v\u00e3o te preparar para a prova do Enem.","robots":{"index":"index","follow":"follow","max-snippet":"max-snippet:-1","max-image-preview":"max-image-preview:large","max-video-preview":"max-video-preview:-1"},"canonical":"https:\/\/beduka.com\/blog\/exercicios\/portugues-exercicios\/exercicios-sobre-verbos\/","og_locale":"pt_BR","og_type":"article","og_title":"Os 14 melhores exerc\u00edcios sobre Verbos com Gabarito","og_description":"Veja a lista de exerc\u00edcios sobre verbos e depois confira as respostas no gabarito. Separamos as melhores quest\u00f5es que v\u00e3o te preparar para a prova do Enem.","og_url":"https:\/\/beduka.com\/blog\/exercicios\/portugues-exercicios\/exercicios-sobre-verbos\/","og_site_name":"Blog do Beduka | Mat\u00e9rias resumidas, Dicas e Exerc\u00edcios Enem","article_publisher":"https:\/\/www.facebook.com\/beduka.buscadordefaculdades\/","article_author":"https:\/\/www.facebook.com\/beduka.buscadordefaculdades","article_published_time":"2019-05-28T16:35:31+00:00","article_modified_time":"2023-03-28T16:43:00+00:00","og_image":[{"width":609,"height":342,"url":"https:\/\/beduka.com\/blog\/wp-content\/uploads\/2019\/05\/Os-14-melhores-exercicios-sobre-Verbos.jpg","type":"image\/jpeg"}],"author":"Reda\u00e7\u00e3o Beduka (a)","twitter_card":"summary_large_image","twitter_misc":{"Escrito por":"Reda\u00e7\u00e3o Beduka (a)","Est. tempo de leitura":"11 minutos"},"schema":{"@context":"https:\/\/schema.org","@graph":[{"@type":"Article","@id":"https:\/\/beduka.com\/blog\/exercicios\/portugues-exercicios\/exercicios-sobre-verbos\/#article","isPartOf":{"@id":"https:\/\/beduka.com\/blog\/exercicios\/portugues-exercicios\/exercicios-sobre-verbos\/"},"author":{"name":"Reda\u00e7\u00e3o Beduka (a)","@id":"https:\/\/beduka.com\/blog\/#\/schema\/person\/325d912d2cb8dd9ede8ab291427d2b8a"},"headline":"Fortale\u00e7a sua gram\u00e1tica: os 14 melhores exerc\u00edcios sobre Verbos (com Gabarito)","datePublished":"2019-05-28T16:35:31+00:00","dateModified":"2023-03-28T16:43:00+00:00","mainEntityOfPage":{"@id":"https:\/\/beduka.com\/blog\/exercicios\/portugues-exercicios\/exercicios-sobre-verbos\/"},"wordCount":2196,"commentCount":6,"publisher":{"@id":"https:\/\/beduka.com\/blog\/#organization"},"keywords":["Exerc\u00edcios sobre Verbos"],"articleSection":["Exerc\u00edcios","Portugu\u00eas"],"inLanguage":"pt-BR","potentialAction":[{"@type":"CommentAction","name":"Comment","target":["https:\/\/beduka.com\/blog\/exercicios\/portugues-exercicios\/exercicios-sobre-verbos\/#respond"]}]},{"@type":"WebPage","@id":"https:\/\/beduka.com\/blog\/exercicios\/portugues-exercicios\/exercicios-sobre-verbos\/","url":"https:\/\/beduka.com\/blog\/exercicios\/portugues-exercicios\/exercicios-sobre-verbos\/","name":"Os 14 melhores exerc\u00edcios sobre Verbos com Gabarito","isPartOf":{"@id":"https:\/\/beduka.com\/blog\/#website"},"datePublished":"2019-05-28T16:35:31+00:00","dateModified":"2023-03-28T16:43:00+00:00","description":"Veja a lista de exerc\u00edcios sobre verbos e depois confira as respostas no gabarito. Separamos as melhores quest\u00f5es que v\u00e3o te preparar para a prova do Enem.","breadcrumb":{"@id":"https:\/\/beduka.com\/blog\/exercicios\/portugues-exercicios\/exercicios-sobre-verbos\/#breadcrumb"},"inLanguage":"pt-BR","potentialAction":[{"@type":"ReadAction","target":["https:\/\/beduka.com\/blog\/exercicios\/portugues-exercicios\/exercicios-sobre-verbos\/"]}]},{"@type":"BreadcrumbList","@id":"https:\/\/beduka.com\/blog\/exercicios\/portugues-exercicios\/exercicios-sobre-verbos\/#breadcrumb","itemListElement":[{"@type":"ListItem","position":1,"name":"Home","item":"https:\/\/beduka.com\/blog\/"},{"@type":"ListItem","position":2,"name":"Fortale\u00e7a sua gram\u00e1tica: os 14 melhores exerc\u00edcios sobre Verbos (com Gabarito)"}]},{"@type":"WebSite","@id":"https:\/\/beduka.com\/blog\/#website","url":"https:\/\/beduka.com\/blog\/","name":"Blog do Beduka | Mat\u00e9rias resumidas, Dicas e Exerc\u00edcios Enem","description":"O Blog do Beduka tem os conte\u00fados que mais caem no Enem, exerc\u00edcios de vestibular com gabarito, resumos, dicas e informa\u00e7\u00f5es Sisu, Prouni e Fies.Encontre dicas para o ENEM, resumos, exerc\u00edcios e informa\u00e7\u00f5es sobre os vestibulares. Acesse agora!","publisher":{"@id":"https:\/\/beduka.com\/blog\/#organization"},"potentialAction":[{"@type":"SearchAction","target":{"@type":"EntryPoint","urlTemplate":"https:\/\/beduka.com\/blog\/?s={search_term_string}"},"query-input":"required name=search_term_string"}],"inLanguage":"pt-BR"},{"@type":"Organization","@id":"https:\/\/beduka.com\/blog\/#organization","name":"Beduka","url":"https:\/\/beduka.com\/blog\/","logo":{"@type":"ImageObject","inLanguage":"pt-BR","@id":"https:\/\/beduka.com\/blog\/#\/schema\/logo\/image\/","url":"https:\/\/beduka.com\/blog\/wp-content\/uploads\/2020\/06\/marca-beduka.png","contentUrl":"https:\/\/beduka.com\/blog\/wp-content\/uploads\/2020\/06\/marca-beduka.png","width":1077,"height":368,"caption":"Beduka"},"image":{"@id":"https:\/\/beduka.com\/blog\/#\/schema\/logo\/image\/"},"sameAs":["https:\/\/www.facebook.com\/beduka.buscadordefaculdades\/","https:\/\/www.instagram.com\/beduka_oficial\/","https:\/\/www.linkedin.com\/company\/beduka","https:\/\/br.pinterest.com\/bedukaoficial\/","https:\/\/www.youtube.com\/beduka"]},{"@type":"Person","@id":"https:\/\/beduka.com\/blog\/#\/schema\/person\/325d912d2cb8dd9ede8ab291427d2b8a","name":"Reda\u00e7\u00e3o Beduka (a)","image":{"@type":"ImageObject","inLanguage":"pt-BR","@id":"https:\/\/beduka.com\/blog\/#\/schema\/person\/image\/","url":"https:\/\/secure.gravatar.com\/avatar\/6f58a181ef24e0dc0bb73f096aa0f8b5?s=96&d=mm&r=g","contentUrl":"https:\/\/secure.gravatar.com\/avatar\/6f58a181ef24e0dc0bb73f096aa0f8b5?s=96&d=mm&r=g","caption":"Reda\u00e7\u00e3o Beduka (a)"},"description":"Este conte\u00fado foi criado e validado por uma equipe multidisciplinar, formada por especialistas em cada \u00e1rea do conhecimento. O Beduka est\u00e1 presente no Instagram, YouTube, LinkedIn e em diversos outros ambientes digitais. O site foi criado em 2017 e, desde a sua funda\u00e7\u00e3o, atua para fornecer materiais de qualidade para facilitar a vida de estudantes de todo o Brasil, ajudando-os a se preparar para os principais vestibulares e o Enem.","sameAs":["https:\/\/www.facebook.com\/beduka.buscadordefaculdades","https:\/\/www.instagram.com\/beduka_oficial\/","https:\/\/br.pinterest.com\/bedukaoficial\/"],"url":"https:\/\/beduka.com\/blog\/author\/admin\/"}]}},"_links":{"self":[{"href":"https:\/\/beduka.com\/blog\/wp-json\/wp\/v2\/posts\/7643"}],"collection":[{"href":"https:\/\/beduka.com\/blog\/wp-json\/wp\/v2\/posts"}],"about":[{"href":"https:\/\/beduka.com\/blog\/wp-json\/wp\/v2\/types\/post"}],"author":[{"embeddable":true,"href":"https:\/\/beduka.com\/blog\/wp-json\/wp\/v2\/users\/1"}],"replies":[{"embeddable":true,"href":"https:\/\/beduka.com\/blog\/wp-json\/wp\/v2\/comments?post=7643"}],"version-history":[{"count":21,"href":"https:\/\/beduka.com\/blog\/wp-json\/wp\/v2\/posts\/7643\/revisions"}],"predecessor-version":[{"id":29385,"href":"https:\/\/beduka.com\/blog\/wp-json\/wp\/v2\/posts\/7643\/revisions\/29385"}],"wp:featuredmedia":[{"embeddable":true,"href":"https:\/\/beduka.com\/blog\/wp-json\/wp\/v2\/media\/23706"}],"wp:attachment":[{"href":"https:\/\/beduka.com\/blog\/wp-json\/wp\/v2\/media?parent=7643"}],"wp:term":[{"taxonomy":"category","embeddable":true,"href":"https:\/\/beduka.com\/blog\/wp-json\/wp\/v2\/categories?post=7643"},{"taxonomy":"post_tag","embeddable":true,"href":"https:\/\/beduka.com\/blog\/wp-json\/wp\/v2\/tags?post=7643"}],"curies":[{"name":"wp","href":"https:\/\/api.w.org\/{rel}","templated":true}]}}