{"id":7650,"date":"2019-05-28T14:55:11","date_gmt":"2019-05-28T17:55:11","guid":{"rendered":"https:\/\/beduka.com\/blog\/?p=7650"},"modified":"2022-09-19T10:27:05","modified_gmt":"2022-09-19T13:27:05","slug":"exercicios-sobre-colonizacao-portuguesa-no-brasil","status":"publish","type":"post","link":"https:\/\/beduka.com\/blog\/exercicios\/historia-exercicios\/exercicios-sobre-colonizacao-portuguesa-no-brasil\/","title":{"rendered":"Os 17 Melhores Exerc\u00edcios sobre Coloniza\u00e7\u00e3o Portuguesa no Brasil com gabarito"},"content":{"rendered":"\n<blockquote class=\"wp-block-quote\"><p><strong><em>A Coroa portuguesa chegou ao territ\u00f3rio brasileiro no ano de 1500, na expedi\u00e7\u00e3o liderada por Pedro \u00c1lvares Cabral. Os portugueses chegaram no Brasil, e denominaram \u201cselvagens\u201d os ind\u00edgenas que aqui habitavam. Se aprofunde mais na mat\u00e9ria e fa\u00e7a os nossos exerc\u00edcios sobre a coloniza\u00e7\u00e3o portuguesa no Brasil.<\/em><\/strong><\/p><\/blockquote>\n\n\n\n<p>Se quiser ir diretamente para alguma parte do texto, <strong>clique em algum dos t\u00f3picos abaixo<\/strong>:<\/p>\n\n\n\n<ul><li><a href=\"#coloniza\u00e7\u00e3o-\" data-type=\"internal\" data-id=\"#coloniza\u00e7\u00e3o-\">Coloniza\u00e7\u00e3o Portuguesa no Brasil<\/a><\/li><li><a href=\"#explora\u00e7\u00e3o\">Explora\u00e7\u00e3o<\/a><\/li><li><a href=\"#capitanias-\">Capitanias Heredit\u00e1rias<\/a><\/li><li><a href=\"#governo\">Governo-Geral<\/a><\/li><li><a href=\"#cristianismo\">Cristianismo<\/a><\/li><li><a href=\"#exerc\u00edcios-\"><mark>Exerc\u00edcios<\/mark> sobre <mark>coloniza\u00e7\u00e3o <\/mark>p<mark>ortuguesa<\/mark> no <mark>Brasil<\/mark><\/a><\/li><li><a href=\"#gabarito-\">Gabarito dos e<mark>xerc\u00edcios<\/mark> sobre c<mark>oloniza\u00e7\u00e3o <\/mark>p<mark>ortuguesa<\/mark> no <mark>Brasil<\/mark><\/a><\/li><\/ul>\n\n\n\n<p>Ei, voc\u00ea est\u00e1 estudando para o Enem? Se ainda n\u00e3o tiver certeza do curso que quer fazer, descubra com o <a href=\"https:\/\/beduka.com\/blog\/dicas\/profissoes\/raiox-beduka-teste-vocacional-personalidade\/\">Raio-X Beduka<\/a>! <strong>Ele \u00e9 o melhor teste vocacional gratuito do Brasil!<\/strong><\/p>\n\n\n\n<p>Estudar a <strong>coloniza\u00e7\u00e3o portuguesa no Brasil <\/strong>\u00e9 importante, n\u00e3o s\u00f3 para ir bem na prova de <a rel=\"noreferrer noopener\" aria-label=\" (abre numa nova aba)\" href=\"https:\/\/beduka.com\/blog\/materias\/historia\/\" target=\"_blank\">Hist\u00f3ria<\/a>, mas tamb\u00e9m para ter consci\u00eancia de como foi esse processo. Al\u00e9m disso, na <a rel=\"noreferrer noopener\" aria-label=\" (abre numa nova aba)\" href=\"https:\/\/beduka.com\/blog\/materias\/redacao\/\" target=\"_blank\">reda\u00e7\u00e3o<\/a> do <a rel=\"noreferrer noopener\" aria-label=\" (abre numa nova aba)\" href=\"https:\/\/beduka.com\/blog\/guia-completo-do-enem\/\" target=\"_blank\">ENEM<\/a>, o uso de alus\u00f5es hist\u00f3ricas s\u00e3o importantes para a fundamenta\u00e7\u00e3o de argumentos.<\/p>\n\n\n\n<ul><li><a rel=\"noreferrer noopener\" aria-label=\" (abre numa nova aba)\" href=\"https:\/\/beduka.com\/blog\/materias\/redacao\/alusao-historica-e-citacao-filosofica\/\" target=\"_blank\">Aprenda a fazer alus\u00e3o hist\u00f3rica e cita\u00e7\u00e3o filos\u00f3fica para os vestibulares!<\/a><\/li><\/ul>\n\n\n\n<p>Nossos exerc\u00edcios sobre o Brasil colonial ajudam alunos do 7\u00ba ano, 8\u00ba ano e 9\u00ba ano mesmo sendo de vestibular. \u00c9 assim que se treina, como que \u00e9 mais dif\u00edcil. Claro, eles s\u00e3o muit\u00edssimo recomendados para os alunos do ensino m\u00e9dio.<\/p>\n\n\n\n<h2 class=\"wp-block-heading\" id=\"coloniza\u00e7\u00e3o-\">Coloniza\u00e7\u00e3o Portuguesa no Brasil<\/h2>\n\n\n\n<p>Antes dos exerc\u00edcios sobre a coloniza\u00e7\u00e3o portuguesa do Brasil, \u00e9 bom ver esse resumo sobre o tema!<\/p>\n\n\n\n<p>O processo de <a rel=\"noreferrer noopener\" aria-label=\" (abre numa nova aba)\" href=\"https:\/\/beduka.com\/blog\/materias\/historia\/a-colonizacao-portuguesa-no-brasil\/\" target=\"_blank\">coloniza\u00e7\u00e3o portuguesa no Brasil<\/a> ocorreu como consequ\u00eancia do desenvolvimento da<strong> expans\u00e3o mar\u00edtima <\/strong>durante o <strong>s\u00e9culo XV<\/strong>. A cria\u00e7\u00e3o de novas rotas mar\u00edtimas permitiu que os portugueses encontrassem as terras brasileiras.<\/p>\n\n\n\n<p>\u00c9 importante ressaltar que o Brasil <strong>n\u00e3o foi descoberto pelos portugueses<\/strong>, pois os <strong>ind\u00edgenas (povoadores)<\/strong> j\u00e1 viviam h\u00e1 muito tempo no territ\u00f3rio brasileiro, antes mesmo da chegada dos europeus. Portanto, o Brasil foi <strong>conquistado<\/strong>, e n\u00e3o descoberto. <\/p>\n\n\n\n<p>H\u00e1 ainda um conjunto de historiadores que n\u00e3o consideram que os portugueses descobriram o Brasil, nem o conquistaram. Os \u00edndios tamb\u00e9m n\u00e3o viviam no Brasil nem o descobriram. <\/p>\n\n\n\n<p>De acordo com no\u00e7\u00f5es sociol\u00f3gicas, o Brasil ainda n\u00e3o existia porque seria formado pelo encontro desses povos. Sem que se encontrem e se misturem portugueses, negros e \u00edndios, n\u00e3o h\u00e1 como falar de Brasil.<\/p>\n\n\n\n<p>Ao chegar no Brasil, os estrangeiros trouxeram <strong>doen\u00e7as<\/strong> como a gripe e a s\u00edfilis. Os \u00edndios n\u00e3o estavam preparados para receber determinadas doen\u00e7as, pois n\u00e3o tinham contato com outras civiliza\u00e7\u00f5es. Al\u00e9m disso, o encontro de duas<strong> culturas<\/strong> diferentes causou impactos irrevers\u00edveis.<\/p>\n\n\n\n<h2 class=\"wp-block-heading\" id=\"explora\u00e7\u00e3o\">Explora\u00e7\u00e3o<\/h2>\n\n\n\n<figure class=\"wp-block-gallery aligncenter has-nested-images columns-default is-cropped wp-block-gallery-1 is-layout-flex\"><\/figure>\n\n\n\n<p>Em um primeiro momento, os portugueses n\u00e3o deram tanta import\u00e2ncia para o territ\u00f3rio brasileiro. As atividades realizadas por <strong>Portugal <\/strong>consistiam na <strong>extra\u00e7\u00e3o do Pau-Brasil <\/strong>nas regi\u00f5es litor\u00e2neas do pa\u00eds, sendo essa a\u00e7\u00e3o realizada com o apoio dos habitantes nativos, ou seja, os \u00edndios.<br><\/p>\n\n\n\n<p>O trabalho dos \u00edndios era o <strong>escambo,<\/strong> havia troca de produtos e utens\u00edlios. Eles n\u00e3o conheciam a maioria dos objetos do homem estrangeiro e tudo era considerado novo e diferente, por isso eles se interessavam por esses objetos.<br><\/p>\n\n\n\n<p>Por\u00e9m, ao decorrer do tempo, outras na\u00e7\u00f5es tamb\u00e9m come\u00e7aram a se interessar pela regi\u00e3o brasileira, como a Fran\u00e7a e a Holanda, logo, surgiram amea\u00e7as. Ent\u00e3o, a <strong>pol\u00edtica colonial portuguesa<\/strong> precisou ser alterada. Em <strong>1530<\/strong>, instalou-se o primeiro <strong>centro de explora\u00e7\u00e3o colonial,<\/strong> feito pelo expedicion\u00e1rio Martin Afonso de Souza, o que originou a<strong> Vila de S\u00e3o Vicente.<\/strong><br><\/p>\n\n\n\n<p>Baixe o melhor <a href=\"https:\/\/beduka.com\/blog\/enem\/plano-de-estudos-gratuito\/\" target=\"_blank\" rel=\"noreferrer noopener\" aria-label=\" (abre numa nova aba)\">plano de estudos gratuito<\/a> que voc\u00ea encontrar\u00e1 na internet.<\/p>\n\n\n\n<h2 class=\"wp-block-heading\" id=\"capitanias-\">Capitanias Heredit\u00e1rias<\/h2>\n\n\n\n<figure class=\"wp-block-gallery aligncenter has-nested-images columns-default is-cropped wp-block-gallery-3 is-layout-flex\"><\/figure>\n\n\n\n<p>Depois do primeiro centro de explora\u00e7\u00e3o, outros surgiram na col\u00f4nia. O <strong>crescimento da explora\u00e7\u00e3o<\/strong> fez com que surgisse um <strong>sistema de distribui\u00e7\u00e3o<\/strong> que originou as <strong><a href=\"https:\/\/beduka.com\/blog\/materias\/historia\/capitanias-hereditarias\/\" data-type=\"URL\" data-id=\"https:\/\/beduka.com\/blog\/materias\/historia\/capitanias-hereditarias\/\" target=\"_blank\" rel=\"noreferrer noopener\">capitanias heredit\u00e1rias<\/a>.<\/strong> <\/p>\n\n\n\n<p>As capitanias heredit\u00e1rias eram <strong>terras doadas<\/strong> para nobres, burocratas ou grandes comerciantes dentro da Corte lusitana. O cidad\u00e3o que recebesse a doa\u00e7\u00e3o de alguma extens\u00e3o de terra era chamado de <strong>donat\u00e1rio <\/strong>e precisava seguir com os princ\u00edpios estabelecidos pela <strong>Carta de Doa\u00e7\u00e3o e o Foral.<\/strong> <\/p>\n\n\n\n<p>Por\u00e9m, esse sistema n\u00e3o funcionou e, assim, os portugueses implantaram outro sistema administrativo mais centralizado e representado pelos poderes metropolitanos. Essa administra\u00e7\u00e3o foi chamada de <strong>governo-geral.<\/strong><\/p>\n\n\n\n<p>Com todas essas informa\u00e7\u00f5es vai ficar f\u00e1cil fazer os exerc\u00edcios sobre a caoloniza\u00e7\u00e3o portuguesa no Brasil.<\/p>\n\n\n\n<h2 class=\"wp-block-heading\" id=\"governo\">Governo-Geral<\/h2>\n\n\n\n<p>O<strong> rei<\/strong> denominava quem seria o<strong> governador-geral<\/strong>, por\u00e9m existia o apoio de <strong>funcion\u00e1rios<\/strong>, para que todas as tarefas fossem executadas com \u00eaxito. A cidade de <strong>Salvador<\/strong> foi a primeira a ser escolhida para abrigar esse sistema, sendo considerada tamb\u00e9m a <strong>primeira capital do Brasil.<\/strong><\/p>\n\n\n\n<h2 class=\"wp-block-heading\" id=\"cristianismo\">Cristianismo<\/h2>\n\n\n\n<p>Os<strong> padres jesu\u00edtas<\/strong> participaram da coloniza\u00e7\u00e3o no Brasil e vinham com o objetivo de <strong>catequizar<\/strong> a popula\u00e7\u00e3o nativa.<\/p>\n\n\n\n<p>Eles fundaram escolas, ajudaram os \u00edndios a conhecerem a viv\u00eancia da caridade no modelo crist\u00e3o, a deixarem a antropofagia, ou seja, a deixarem de comer carne humana. Ensinaram o portugu\u00eas depois de terem aprendido a l\u00edngua deles e muito mais.<\/p>\n\n\n\n<p>A influ\u00eancia dos jesu\u00edtas apenas crescia e a igreja se tornou mais independente do Estado. No s\u00e9culo XVIII,&nbsp;<strong>o Marqu\u00eas de Pombal organizou Lisboa ap\u00f3s um terr\u00edvel terremoto.<\/strong>&nbsp;Mas precisava de dinheiro, mesmo com queda na produ\u00e7\u00e3o das minas. Ele ent\u00e3o cria um problema em Portugal e no Brasil.<\/p>\n\n\n\n<p>A consequ\u00eancia foi a pris\u00e3o de muitos jesu\u00edtas, assassinato de outros e apropria\u00e7\u00e3o das escolas.&nbsp;<strong>Quando foram expulsos, os col\u00e9gios foram fechados e regi\u00f5es inteiras ficaram estagnadas.<\/strong>&nbsp;Os cidad\u00e3os come\u00e7aram a serem formados para servirem o Estado.<\/p>\n\n\n\n<p><strong>Os \u00edndios tamb\u00e9m foram muito prejudicados, pois os jesu\u00edtas eram seus defensores.<\/strong>&nbsp;Muitos padres inclusive morreram tentando proteger os \u00edndios at\u00e9 o \u00faltimo momento.<\/p>\n\n\n\n<p>Gostou do nosso artigo sobre coloniza\u00e7\u00e3o portuguesa no Brasil? O Beduka deseja a sua aprova\u00e7\u00e3o na faculdade, ent\u00e3o desenvolvemos um <a href=\"https:\/\/beduka.com\/simulado\/#\/\" target=\"_blank\" rel=\"noreferrer noopener\" aria-label=\" (abre numa nova aba)\">simulado online 100% gratuito<\/a> para te ajudar a se preparar para o ENEM.<\/p>\n\n\n\n<h2 class=\"wp-block-heading\" id=\"exerc\u00edcios-\">Exerc\u00edcios sobre Coloniza\u00e7\u00e3o Portuguesa no Brasil<\/h2>\n\n\n\n<p>Chegou a hora de fazer os exerc\u00edcios sobre a coloniza\u00e7\u00e3o portuguesa no Brasil. Tomara que voc\u00ea acerte todas!<\/p>\n\n\n\n<p><strong>Quest\u00e3o 1 &#8211; <a rel=\"noreferrer noopener\" aria-label=\"(UEL-PR) (abre numa nova aba)\" href=\"http:\/\/www.uel.br\/\" target=\"_blank\">(UEL-PR)<\/a> &#8211;<\/strong> No Brasil col\u00f4nia, a pecu\u00e1ria teve um papel decisivo na<\/p>\n\n\n\n<p><strong>a)<\/strong> ocupa\u00e7\u00e3o das \u00e1reas litor\u00e2neas.<\/p>\n\n\n\n<p><strong>b)<\/strong> expuls\u00e3o do assalariado do campo.<\/p>\n\n\n\n<p><strong>c)<\/strong> forma\u00e7\u00e3o e explora\u00e7\u00e3o dos minif\u00fandios.<\/p>\n\n\n\n<p><strong>d) <\/strong>fixa\u00e7\u00e3o do escravo na agricultura.<\/p>\n\n\n\n<p><strong>e)<\/strong> expans\u00e3o para o interior.<\/p>\n\n\n\n<p><strong>Quest\u00e3o 2 &#8211;<a rel=\"noreferrer noopener\" aria-label=\" (UEL-PR) (abre numa nova aba)\" href=\"http:\/\/www.uel.br\/\" target=\"_blank\"> (UEL-PR)<\/a> &#8211;<\/strong>&nbsp;&#8220;Como n\u00e3o se tratava de regi\u00f5es aptas para a produ\u00e7\u00e3o de g\u00eaneros tropicais de grande valor comercial, como o a\u00e7\u00facar ou outros, foi-se obrigado para conseguir povoadores (&#8230;) a recorrer \u00e0s camadas pobres ou m\u00e9dias da popula\u00e7\u00e3o portuguesa e conceder grandes vantagens aos colonos que aceitavam irem-se estabelecer l\u00e1. O custo do transporte ser\u00e1 fornecido pelo Estado, a instala\u00e7\u00e3o dos colonos \u00e9 cercada de toda a sorte de provid\u00eancias destinadas a facilitar e garantir a subsist\u00eancia dos povoadores; as terras a serem ocupadas s\u00e3o previamente demarcadas em pequenas parcelas, (&#8230;) fornecem-se gratuitamente ou a longo prazo aux\u00edlios v\u00e1rios (instrumentos de trabalho, sementes, animais, etc)&#8221;.<\/p>\n\n\n\n<p>(Prado J\u00fanior, C. Hist\u00f3ria econ\u00f4mica do Brasil. 27 ed. S. Paulo: Brasiliense, 1982. p. 95-6)<\/p>\n\n\n\n<p>Com base no texto, \u00e9 poss\u00edvel afirmar que o autor se refere:<\/p>\n\n\n\n<p><strong>a)<\/strong> \u00e0 coloniza\u00e7\u00e3o do sert\u00e3o nordestino atrav\u00e9s da pecu\u00e1ria.<\/p>\n\n\n\n<p><strong>b)<\/strong> \u00e0 ocupa\u00e7\u00e3o da Amaz\u00f4nia atrav\u00e9s das drogas do sert\u00e3o.<\/p>\n\n\n\n<p><strong>c)<\/strong> \u00e0 expans\u00e3o para o interior paulista pelas entradas e bandeiras.<\/p>\n\n\n\n<p><strong>d)<\/strong> \u00e0 coloniza\u00e7\u00e3o do Sul atrav\u00e9s da pecu\u00e1ria.<\/p>\n\n\n\n<p><strong>e)<\/strong> ao povoamento das Capitanias Heredit\u00e1rias.<\/p>\n\n\n\n<p><strong>Quest\u00e3o 3 &#8211; <a rel=\"noreferrer noopener\" aria-label=\"(Cesgranrio-RJ) (abre numa nova aba)\" href=\"http:\/\/www.cesgranrio.org.br\/\" target=\"_blank\">(Cesgranrio-RJ)<\/a> &#8211; <\/strong>A ocupa\u00e7\u00e3o do territ\u00f3rio brasileiro, restrita, no s\u00e9culo XVI, ao litoral e associada \u00e0 lavoura de produtos tropicais, estendeu-se ao interior durante os s\u00e9culos XVII e XVIII, ligada \u00e0 explora\u00e7\u00e3o de novas atividades econ\u00f4micas e aos interesses pol\u00edticos de Portugal em definir as fronteiras da col\u00f4nia.<\/p>\n\n\n\n<p>As afirma\u00e7\u00f5es abaixo relacionam as regi\u00f5es ocupadas a partir do s\u00e9culo XVII e suas atividades dominantes.<\/p>\n\n\n\n<p><strong>1)<\/strong> No vale amaz\u00f4nico, o extrativismo vegetal \u2013 as drogas do sert\u00e3o \u2013 e a captura de \u00edndios atra\u00edram os colonizadores.<\/p>\n\n\n\n<p><strong>2)<\/strong> A ocupa\u00e7\u00e3o do Pampa ga\u00facho n\u00e3o teve nenhum interesse econ\u00f4mico, estando ligada aos conflitos luso-espanh\u00f3is na Europa.<\/p>\n\n\n\n<p><strong>3)<\/strong> O planalto central, nas \u00e1reas correspondentes aos atuais estados de Minas Gerais, Goi\u00e1s e Mato Grosso, foi um dos principais alvos do bandeirismo, e sua ocupa\u00e7\u00e3o est\u00e1 ligada \u00e0 minera\u00e7\u00e3o.<\/p>\n\n\n\n<p><strong>4)<\/strong> A zona missioneira no Sul do Brasil representava um obst\u00e1culo tanto aos colonos, interessados na escraviza\u00e7\u00e3o dos ind\u00edgenas, quanto a Portugal, dificultando a demarca\u00e7\u00e3o das fronteiras.<\/p>\n\n\n\n<p><strong>5)<\/strong> O Sert\u00e3o nordestino, primeira \u00e1rea interior ocupada no processo de coloniza\u00e7\u00e3o, foi um prolongamento da lavoura canavieira, fornecendo novas terras e m\u00e3o de obra para a expans\u00e3o da lavoura.<\/p>\n\n\n\n<p>As afirma\u00e7\u00f5es corretas s\u00e3o:<\/p>\n\n\n\n<p><strong>a)<\/strong> somente 1, 2 e 4.<\/p>\n\n\n\n<p><strong>b)<\/strong> somente 1, 2 e 5.<\/p>\n\n\n\n<p><strong>c)<\/strong> somente 1, 3 e 4.<\/p>\n\n\n\n<p><strong>d)<\/strong> somente 2, 3 e 4.<\/p>\n\n\n\n<p><strong>e)<\/strong> somente 2, 3 e 5.<\/p>\n\n\n\n<p><strong>Quest\u00e3o 4 &#8211; <a rel=\"noreferrer noopener\" aria-label=\"(Fuvest-SP) (abre numa nova aba)\" href=\"https:\/\/www.fuvest.br\/\" target=\"_blank\">(Fuvest-SP)<\/a> &#8211; <\/strong>Os fatores que levaram ao desenvolvimento e \u00e0 amplia\u00e7\u00e3o das atividades econ\u00f4micas perif\u00e9ricas da col\u00f4nia, tais como, a pecu\u00e1ria, o tabaco, as drogas do sert\u00e3o e mesmo o pau-brasil, em detrimento da lavoura de cana-de-a\u00e7\u00facar, ap\u00f3s a expuls\u00e3o dos holandeses, em 1654, foram:<\/p>\n\n\n\n<p><strong>a) <\/strong>a cria\u00e7\u00e3o de um mercado interno fomentado pelo descobrimento das minas de ouro no final do s\u00e9culo XVI e sua amplia\u00e7\u00e3o para as cidades litor\u00e2neas da col\u00f4nia.<\/p>\n\n\n\n<p><strong>b) <\/strong>a invers\u00e3o significativa da utiliza\u00e7\u00e3o da m\u00e3o de obra escrava pela m\u00e3o de obra livre na regi\u00e3o das minas, criando, assim, um mercado consumidor expressivo.<\/p>\n\n\n\n<p><strong>c)<\/strong> estagna\u00e7\u00e3o econ\u00f4mica do Centro-Oeste, em fun\u00e7\u00e3o do renascimento agr\u00edcola no Nordeste, ao longo do s\u00e9culo XVII.<\/p>\n\n\n\n<p><strong>d)<\/strong> o acompanhamento destas atividades, primeiro como complemento da atividade a\u00e7ucareira e, posteriormente, como n\u00facleos abastecedores da atividade mineradora e seus desdobramentos.<\/p>\n\n\n\n<p><strong>e)<\/strong> todas as alternativas anteriores est\u00e3o corretas.<\/p>\n\n\n\n<p><strong>Quest\u00e3o 5 &#8211; <a rel=\"noreferrer noopener\" aria-label=\"(UFSE) (abre numa nova aba)\" href=\"http:\/\/www.ufs.br\/\" target=\"_blank\">(UFSE)<\/a> &#8211; <\/strong>O texto abaixo refere-se \u00e0 atividade pecuarista no Brasil Col\u00f4nia: O gado podia penetrar o Sert\u00e3o. N\u00e3o tinha o problema ser\u00edssimo do transporte, porque transportava a si mesmo. A m\u00e3o de obra exigida era pouca. Sem a complexidade da agricultura, principalmente da canavieira, tinha na amplitude do sert\u00e3o o caminho de sua expans\u00e3o, acompanhando os rios rumo ao interior.<\/p>\n\n\n\n<p>Assinale a \u00fanica alternativa n\u00e3o contida no texto.<\/p>\n\n\n\n<p><strong>a)<\/strong> A cria\u00e7\u00e3o do gado era pouco exigente com respeito \u00e0 m\u00e3o de obra.<\/p>\n\n\n\n<p><strong>b)<\/strong> A agricultura a\u00e7ucareira era a atividade mais complexa do que a cria\u00e7\u00e3o de gado.<\/p>\n\n\n\n<p><strong>c)<\/strong> A penetra\u00e7\u00e3o do gado no Sert\u00e3o n\u00e3o envolvia custos no transporte.<\/p>\n\n\n\n<p><strong>d)<\/strong> A pecu\u00e1ria n\u00e3o tinha maior produtividade do que as atividades agr\u00edcolas.<\/p>\n\n\n\n<p><strong>e)<\/strong> O Sert\u00e3o apresentou-se como caminho adequado para a expans\u00e3o e cria\u00e7\u00e3o do gado.<\/p>\n\n\n\n<p><strong>Quest\u00e3o 6 &#8211; <a rel=\"noreferrer noopener\" aria-label=\"(FGV) (abre numa nova aba)\" href=\"https:\/\/vestibular.fgv.br\/\" target=\"_blank\">(FGV)<\/a> &#8211;<\/strong> Quais as caracter\u00edsticas dominantes da economia colonial brasileira?<\/p>\n\n\n\n<p><strong>a)<\/strong> propriedade latifundi\u00e1ria, trabalho ind\u00edgena e produ\u00e7\u00e3o monocultura;<\/p>\n\n\n\n<p><strong>b)<\/strong> propriedades diversificadas, exporta\u00e7\u00e3o de mat\u00e9rias-primas e trabalho servil;<\/p>\n\n\n\n<p><strong>c)<\/strong> monop\u00f3lio comercial, latif\u00fandio e trabalho escravo de \u00edndios e negros;<\/p>\n\n\n\n<p><strong>d)<\/strong> pequenas vilas mercantis, monocultura de exporta\u00e7\u00e3o e trabalho servil;<\/p>\n\n\n\n<p><strong>e)<\/strong> propriedade minifundi\u00e1ria, col\u00f4nias agr\u00edcolas e trabalho escravo.<\/p>\n\n\n\n<p><strong>Quest\u00e3o 7 &#8211; <a rel=\"noreferrer noopener\" aria-label=\"(FUVEST) (abre numa nova aba)\" href=\"https:\/\/www.fuvest.br\/\" target=\"_blank\">(FUVEST)<\/a> &#8211; <\/strong>No Brasil colonial, a escravid\u00e3o caracterizou-se essencialmente:<\/p>\n\n\n\n<p><strong>a)<\/strong> por sua vincula\u00e7\u00e3o exclusiva ao sistema agr\u00e1rio exportador;<\/p>\n\n\n\n<p><strong>b)<\/strong> pelo incentivo da Igreja e da Coroa \u00e0 escravid\u00e3o de \u00edndios e negros;<\/p>\n\n\n\n<p><strong>c)<\/strong> por estar amplamente distribu\u00edda entre a popula\u00e7\u00e3o livre, constituindo a base econ\u00f4mica da sociedade;<\/p>\n\n\n\n<p><strong>d)<\/strong> por destinar os trabalhos mais penosos aos negros e mais leves aos \u00edndios;<\/p>\n\n\n\n<p><strong>e)<\/strong> por impedir a emigra\u00e7\u00e3o em massa de trabalhadores livres para o Brasil.<\/p>\n\n\n\n<p><strong>8 &#8211; <a rel=\"noreferrer noopener\" aria-label=\"(FUVEST) (abre numa nova aba)\" href=\"https:\/\/www.fuvest.br\/\" target=\"_blank\">(FUVEST)<\/a> &#8211; <\/strong>No s\u00e9culo XVII, contribu\u00edram para a penetra\u00e7\u00e3o do interior brasileiro:<\/p>\n\n\n\n<p><strong>a) <\/strong>o desenvolvimento da cultura da cana-de-a\u00e7\u00facar e a cultura de algod\u00e3o;<\/p>\n\n\n\n<p><strong>b)<\/strong> o apresamento de ind\u00edgenas e a procura de riquezas minerais;<\/p>\n\n\n\n<p><strong>c) <\/strong>a necessidade de defesa e o controle aos franceses;<\/p>\n\n\n\n<p><strong>d)<\/strong> o fim do dom\u00ednio espanhol e a restaura\u00e7\u00e3o da monarquia portuguesa;<\/p>\n\n\n\n<p><strong>e)<\/strong> a Guerra dos Emboabas e a transfer\u00eancia da capital da col\u00f4nia para o Rio de Janeiro.<\/p>\n\n\n\n<ul><li><strong>Muito bem!<\/strong> Voc\u00ea fez a metade dos exerc\u00edcios sobre a coliniza\u00e7\u00e3o portuguesa no Brasil. Continue!<\/li><\/ul>\n\n\n\n<p><strong>Quest\u00e3o 9 &#8211; <a rel=\"noreferrer noopener\" aria-label=\"(FATEC) (abre numa nova aba)\" href=\"http:\/\/www.vestibularfatec.com.br\/\" target=\"_blank\">(FATEC)<\/a> &#8211; <\/strong>Bandeiras eram:<\/p>\n\n\n\n<p><strong>a)<\/strong> expedi\u00e7\u00f5es de portugueses que atra\u00edam as tribos ind\u00edgenas para serem catequizadas pelos jesu\u00edtas;<\/p>\n\n\n\n<p><strong>b) <\/strong>expedi\u00e7\u00f5es organizadas pela Coroa com o objetivo de conquistar as \u00e1reas litor\u00e2neas e ribeirinhas do pa\u00eds;<\/p>\n\n\n\n<p><strong>c)<\/strong> expedi\u00e7\u00f5es particulares que aprisionavam \u00edndios e buscavam metais e pedras preciosas;<\/p>\n\n\n\n<p><strong>d)<\/strong> movimentos catequistas liderados pelos jesu\u00edtas e que pretendiam formar uma na\u00e7\u00e3o ind\u00edgena crist\u00e3;<\/p>\n\n\n\n<p><strong>e)<\/strong> expedi\u00e7\u00f5es financiadas pela Coroa cujo objetivo era exclusivamente descobrir metais e pedras preciosas.<\/p>\n\n\n\n<p><strong>Quest\u00e3o 10 &#8211;<a rel=\"noreferrer noopener\" aria-label=\" (UNIP) (abre numa nova aba)\" href=\"https:\/\/www.unip.br\/\" target=\"_blank\"> (UNIP)<\/a> &#8211; <\/strong>Ap\u00f3s a restaura\u00e7\u00e3o Portuguesa, ocorrida em 1640:<\/p>\n\n\n\n<p><strong>a)<\/strong> as rela\u00e7\u00f5es entre Portugal e o Brasil tornaram-se mais liberais;<\/p>\n\n\n\n<p><strong>b)<\/strong> a autonomia administrativa do Brasil foi ampliada;<\/p>\n\n\n\n<p><strong>c)<\/strong> o Pacto Colonial luso enrijeceu-se;<\/p>\n\n\n\n<p><strong>d)<\/strong> os capit\u00e3es-donat\u00e1rios forma substitu\u00eddos pelos vice-reis;<\/p>\n\n\n\n<p><strong>e)<\/strong> a justi\u00e7a colonial passou a ser exercida pelos \u201chomens novos\u201d.<\/p>\n\n\n\n<p><strong>Quest\u00e3o 11 &#8211; <a rel=\"noreferrer noopener\" aria-label=\"(UFMG) (abre numa nova aba)\" href=\"https:\/\/ufmg.br\/\" target=\"_blank\">(UFMG)<\/a> &#8211;<\/strong> Leia o texto.<\/p>\n\n\n\n<p>\u201cA l\u00edngua de que [os \u00edndios] usam, toda pela costa, \u00e9 uma: ainda que em certos voc\u00e1bulos difere em algumas partes; mas n\u00e3o de maneira que se deixem de entender. (&#8230;) Carece de tr\u00eas letras, conv\u00e9m a saber, n\u00e3o se acha nela F, nem L, nem R, coisa digna de espanto, porque assim n\u00e3o tem F\u00e9, nem Lei, nem Rei, e desta maneira vivem desordenadamente (&#8230;).&#8221;<\/p>\n\n\n\n<p>(GANDAVO, Pero de Magalh\u00e3es, Hist\u00f3ria da Prov\u00edncia de Santa Cruz, 1578.)<\/p>\n\n\n\n<p>A partir do texto, pode-se afirmar que todas as alternativas expressam a rela\u00e7\u00e3o dos portugueses com a cultura ind\u00edgena, exceto:<\/p>\n\n\n\n<p><strong>a)<\/strong> A busca de compreens\u00e3o da cultura ind\u00edgena era uma preocupa\u00e7\u00e3o do colonizador.<\/p>\n\n\n\n<p><strong>b)<\/strong> A desorganiza\u00e7\u00e3o social dos ind\u00edgenas se refletia no idioma.<\/p>\n\n\n\n<p><strong>c)<\/strong> A diferen\u00e7a cultural entre nativos e colonos era atribu\u00edda \u00e0 inferioridade do ind\u00edgena.<\/p>\n\n\n\n<p><strong>d)<\/strong> A l\u00edngua dos nativos era caracterizada pela limita\u00e7\u00e3o vocabular.<\/p>\n\n\n\n<p><strong>e)<\/strong> Os signos e s\u00edmbolos dos nativos da costa mar\u00edtima eram homog\u00eaneos.<\/p>\n\n\n\n<ul><li><strong>Opa! <\/strong>Faltam apenas 6 quest\u00f5es dos exerc\u00edcios sobre a coloniza\u00e7\u00e3o portuguesa no Brasil! Continue!<\/li><\/ul>\n\n\n\n<p><strong>Quest\u00e3o 12 &#8211; <a rel=\"noreferrer noopener\" aria-label=\"(UFMG) (abre numa nova aba)\" href=\"https:\/\/ufmg.br\/\" target=\"_blank\">(UFMG)<\/a> &#8211; <\/strong>Leia o texto. Ele refere-se \u00e0 capitania de Minas Gerais no s\u00e9culo XVIII.<\/p>\n\n\n\n<p>&#8220;&#8230; ponderando-se o acharem-se hoje as Vilas dessa Capitania t\u00e3o numerosas como se acham, e que sendo uma grande parte das fam\u00edlias dos seus moradores de limpo nascimento, era justo que somente as pessoas que tiverem esta qualidade andassem na governan\u00e7a delas, porque se a falta de pessoas capazes fez a princ\u00edpio necess\u00e1ria a toler\u00e2ncia de admitir os mulatos aos exerc\u00edcios daqueles oficias, hoje, que tem cessado esta raz\u00e3o, se faz indecoroso que eles sejam ocupados por pessoas em que haja semelhante defeito&#8230;&#8221;<br><\/p>\n\n\n\n<p>(D. Jo\u00e3o, Lisboa, 27 de janeiro de 1726.)<\/p>\n\n\n\n<p>No trecho dessa carta, o rei de Portugal refere-se \u00e0 impropriedade de os mulatos continuarem a exercer o cargo de<\/p>\n\n\n\n<p><strong>a)<\/strong> governador, magistrado escolhido entre os &#8220;homens bons&#8221; da col\u00f4nia para administrarem a capitania.<\/p>\n\n\n\n<p><strong>b)<\/strong> intendente das minas, ministro incumbido de controlar o fluxo de alimentos e do com\u00e9rcio.<\/p>\n\n\n\n<p><strong>c)<\/strong> ouvidor, funcion\u00e1rio respons\u00e1vel pela administra\u00e7\u00e3o das finan\u00e7as e dos bens eclesi\u00e1sticos.<\/p>\n\n\n\n<p><strong>d)<\/strong> vereador, membro do Senado da C\u00e2mara, encarregado de cuidar da administra\u00e7\u00e3o local.<\/p>\n\n\n\n<p><strong>Quest\u00e3o 13 &#8211; <a rel=\"noreferrer noopener\" aria-label=\"(Fuvest-SP) (abre numa nova aba)\" href=\"https:\/\/www.fuvest.br\/\" target=\"_blank\">(Fuvest-SP)<\/a> &#8211;<\/strong> Podemos afirmar sobre o per\u00edodo da minera\u00e7\u00e3o no Brasil que<\/p>\n\n\n\n<p><strong>a)<\/strong> atra\u00eddos pelo ouro, vieram para o Brasil aventureiros de toda esp\u00e9cie, que inviabilizaram a minera\u00e7\u00e3o.<\/p>\n\n\n\n<p><strong>b)<\/strong> a explora\u00e7\u00e3o das minas de ouro s\u00f3 trouxe benef\u00edcios para Portugal.<\/p>\n\n\n\n<p><strong>c)<\/strong> a minera\u00e7\u00e3o deu origem a uma classe m\u00e9dia urbana que teve papel decisivo na independ\u00eancia do Brasil.<\/p>\n\n\n\n<p><strong>d)<\/strong> o ouro beneficiou apenas a Inglaterra, que financiou sua explora\u00e7\u00e3o.<\/p>\n\n\n\n<p><strong>e)<\/strong> a minera\u00e7\u00e3o contribuiu para interligar as v\u00e1rias regi\u00f5es do Brasil e foi fator de diferencia\u00e7\u00e3o da sociedade.<\/p>\n\n\n\n<p><strong>Quest\u00e3o 14 &#8211; <a rel=\"noreferrer noopener\" aria-label=\"(UFC-CE) (abre numa nova aba)\" href=\"http:\/\/www.ufc.br\/\" target=\"_blank\">(UFC-CE)<\/a> &#8211;<\/strong> Nos prim\u00f3rdios do sistema colonial, as concess\u00f5es de terras efetuadas pela metr\u00f3pole portuguesa pretendiam tanto a ocupa\u00e7\u00e3o e o povoamento como a organiza\u00e7\u00e3o da produ\u00e7\u00e3o do a\u00e7\u00facar, com fins comerciais.<\/p>\n\n\n\n<p>Identifique a alternativa correta sobre as medidas que a Coroa portuguesa adotou para atingir esses objetivos.<\/p>\n\n\n\n<p><strong>a)<\/strong> Dividiu o territ\u00f3rio em capitanias heredit\u00e1rias, cedidas aos donat\u00e1rios, que, por sua vez, distribu\u00edram as terras em sesmarias a homens de posses que as demandaram.<\/p>\n\n\n\n<p><strong>b)<\/strong> Vendeu as terras brasileiras a senhores de engenho j\u00e1 experientes, que garantiram uma produ\u00e7\u00e3o crescente de a\u00e7\u00facar.<\/p>\n\n\n\n<p><strong>c) <\/strong>Dividiu o territ\u00f3rio em governa\u00e7\u00f5es vital\u00edcias, cujos governadores distribu\u00edram a terra entre os colonos portugueses.<\/p>\n\n\n\n<p><strong>d)<\/strong> Armou fortemente os colonos para que pudessem defender o territ\u00f3rio e regulamentou um uso equ\u00e2nime e igualit\u00e1rio da terra entre colonos e \u00edndios aliados.<\/p>\n\n\n\n<p><strong>e)<\/strong> Distribuiu a terra do litoral entre os mais valentes conquistadores e criou engenhos centrais que garantissem a moenda das safras de a\u00e7\u00facar durante o ano inteiro.<\/p>\n\n\n\n<p><strong>Quest\u00e3o 15 &#8211; <a rel=\"noreferrer noopener\" aria-label=\"(Unaerp-SP) (abre numa nova aba)\" href=\"https:\/\/www.unaerp.br\/\" target=\"_blank\">(Unaerp-SP)<\/a> &#8211; <\/strong>Em 1534, o governo portugu\u00eas concluiu que a \u00fanica forma de ocupa\u00e7\u00e3o do Brasil seria atrav\u00e9s da coloniza\u00e7\u00e3o. Era necess\u00e1rio colonizar, simultaneamente, todo o extenso territ\u00f3rio brasileiro. Essa coloniza\u00e7\u00e3o dirigida pelo governo portugu\u00eas se deu atrav\u00e9s da:<\/p>\n\n\n\n<p><strong>a)<\/strong> cria\u00e7\u00e3o da Companhia Geral do Com\u00e9rcio do Estado do Brasil.<\/p>\n\n\n\n<p><strong>b)<\/strong> cria\u00e7\u00e3o do sistema de governo-geral e c\u00e2maras municipais.<\/p>\n\n\n\n<p><strong>c) <\/strong>cria\u00e7\u00e3o das capitanias heredit\u00e1rias.<\/p>\n\n\n\n<p><strong>d)<\/strong> montagem do sistema colonial.<\/p>\n\n\n\n<p><strong>e)<\/strong> cria\u00e7\u00e3o e distribui\u00e7\u00e3o de sesmarias.<\/p>\n\n\n\n<p><strong>Quest\u00e3o 16 &#8211; <a rel=\"noreferrer noopener\" aria-label=\"(UNIFENAS) (abre numa nova aba)\" href=\"https:\/\/www.unifenas.br\/\" target=\"_blank\">(UNIFENAS)<\/a> &#8211; <\/strong>Foram conseq\u00fc\u00eancias da minera\u00e7\u00e3o, exceto:<\/p>\n\n\n\n<p><strong>a)<\/strong> o surgimento de um mercado interno;<\/p>\n\n\n\n<p><strong>b) <\/strong>a urbaniza\u00e7\u00e3o;<\/p>\n\n\n\n<p><strong>c) <\/strong>a melhoria do n\u00edvel cultural;<\/p>\n\n\n\n<p><strong>d)<\/strong> a decad\u00eancia da atividade a\u00e7ucareira;<\/p>\n\n\n\n<p><strong>e) <\/strong>a maior fiscaliza\u00e7\u00e3o da Coroa sobre a Col\u00f4nia.<\/p>\n\n\n\n<p><strong>Quest\u00e3o 17 &#8211;<a rel=\"noreferrer noopener\" aria-label=\" (UCSAL) (abre numa nova aba)\" href=\"https:\/\/www.ucsal.br\/\" target=\"_blank\"> (UCSAL)<\/a> &#8211;<\/strong> A atual configura\u00e7\u00e3o do territ\u00f3rio brasileiro foi definida em suas linhas gerais, na \u00e9poca do marqu\u00eas de Pombal, pelo Tratado de:<\/p>\n\n\n\n<p><strong>a)<\/strong> Lisboa<\/p>\n\n\n\n<p><strong>b)<\/strong> Madri<\/p>\n\n\n\n<p><strong>c)<\/strong> Utrecht<\/p>\n\n\n\n<p><strong>d)<\/strong> Tordesilhas<\/p>\n\n\n\n<p><strong>e) <\/strong>Badaj\u00f3s<\/p>\n\n\n\n<p>Agora que voc\u00ea j\u00e1 fez os nossos <strong>Exerc\u00edcios sobre a Coloniza\u00e7\u00e3o Portuguesa no Brasil,<\/strong> confira as <strong>respostas no gabarito <\/strong>abaixo! Aproveite e confira o <a href=\"https:\/\/beduka.com\/simulado\/#\/\" target=\"_blank\" rel=\"noreferrer noopener\" aria-label=\" (abre numa nova aba)\">Simulado Online 100% gratuito<\/a> que te ajuda a estudar para a prova do <strong>ENEM.<\/strong><\/p>\n\n\n\n<h2 class=\"wp-block-heading\" id=\"gabarito-\">Gabarito dos Exerc\u00edcios sobre a Coloniza\u00e7\u00e3o Portuguesa no Brasil<\/h2>\n\n\n\n<p><strong>Exerc\u00edcio resolvido da quest\u00e3o 1 <\/strong><\/p>\n\n\n\n<p> Alternativa correta: letra <strong>e)<\/strong> expans\u00e3o para o interior. <\/p>\n\n\n\n<p><strong>Exerc\u00edcio resolvido da quest\u00e3o 2 <\/strong><\/p>\n\n\n\n<p>Alternativa correta: letra <strong>d)<\/strong> \u00e0 coloniza\u00e7\u00e3o do Sul atrav\u00e9s da pecu\u00e1ria.<\/p>\n\n\n\n<p><strong>Exerc\u00edcio resolvido da quest\u00e3o 3 <\/strong><\/p>\n\n\n\n<p>Alternativa correta: letra <strong>c)<\/strong> somente 1, 3 e 4.<\/p>\n\n\n\n<p><strong>Exerc\u00edcio resolvido da quest\u00e3o 4 <\/strong><\/p>\n\n\n\n<p>Alternativa correta: letra <strong>d)<\/strong> o acompanhamento destas atividades, primeiro como complemento da atividade a\u00e7ucareira e, posteriormente, como n\u00facleos abastecedores da atividade mineradora e seus desdobramentos.<\/p>\n\n\n\n<p><strong>Exerc\u00edcio resolvido da quest\u00e3o 5 <\/strong><\/p>\n\n\n\n<p>Alternativa correta: letra <strong>d)<\/strong> A pecu\u00e1ria n\u00e3o tinha maior produtividade do que as atividades agr\u00edcolas.<\/p>\n\n\n\n<p><strong>Exerc\u00edcio resolvido da quest\u00e3o 6 <\/strong><\/p>\n\n\n\n<p>Alternativa correta: letra <strong>c)<\/strong> monop\u00f3lio comercial, latif\u00fandio e trabalho escravo de \u00edndios e negros;<\/p>\n\n\n\n<p><strong>Exerc\u00edcio resolvido da quest\u00e3o 7 <\/strong><\/p>\n\n\n\n<p>Alternativa correta: letra <strong>c)<\/strong> por estar amplamente distribu\u00edda entre a popula\u00e7\u00e3o livre, constituindo a base econ\u00f4mica da sociedade;<\/p>\n\n\n\n<p><strong>Exerc\u00edcio resolvido da quest\u00e3o 8 <\/strong><\/p>\n\n\n\n<p>Alternativa correta: letra <strong>b)<\/strong> o apresamento de ind\u00edgenas e a procura de riquezas minerais;<\/p>\n\n\n\n<p><strong>Exerc\u00edcio resolvido da quest\u00e3o 9 <\/strong><\/p>\n\n\n\n<p>Alternativa correta: letra <strong>c)<\/strong> expedi\u00e7\u00f5es particulares que aprisionavam \u00edndios e buscavam metais e pedras preciosas;<\/p>\n\n\n\n<p><strong>Exerc\u00edcio resolvido da quest\u00e3o 10 <\/strong><\/p>\n\n\n\n<p>Alternativa correta: letra <strong>c)<\/strong> o Pacto Colonial luso enrijeceu-se;<\/p>\n\n\n\n<p><strong>Exerc\u00edcio resolvido da quest\u00e3o 11 <\/strong><\/p>\n\n\n\n<p>Alternativa correta: letra <strong>a)<\/strong> A busca de compreens\u00e3o da cultura ind\u00edgena era uma preocupa\u00e7\u00e3o do colonizador.<\/p>\n\n\n\n<p><strong>Exerc\u00edcio resolvido da quest\u00e3o 12 <\/strong><\/p>\n\n\n\n<p>Alternativa correta: letra <strong>d)<\/strong> vereador, membro do Senado da C\u00e2mara, encarregado de cuidar da administra\u00e7\u00e3o local.<\/p>\n\n\n\n<p><strong>Exerc\u00edcio resolvido da quest\u00e3o 13 <\/strong><\/p>\n\n\n\n<p>Alternativa correta: letra <strong>e)<\/strong> a minera\u00e7\u00e3o contribuiu para interligar as v\u00e1rias regi\u00f5es do Brasil e foi fator de diferencia\u00e7\u00e3o da sociedade.<\/p>\n\n\n\n<p><strong>Exerc\u00edcio resolvido da quest\u00e3o 14 <\/strong><\/p>\n\n\n\n<p>Alternativa correta: letra <strong>a)<\/strong> Dividiu o territ\u00f3rio em capitanias heredit\u00e1rias, cedidas aos donat\u00e1rios, que, por sua vez, distribu\u00edram as terras em sesmarias a homens de posses que as demandaram.<\/p>\n\n\n\n<p><strong>Exerc\u00edcio resolvido da quest\u00e3o 15 <\/strong><\/p>\n\n\n\n<p>Alternativa correta: letra <strong>c)<\/strong> cria\u00e7\u00e3o das capitanias heredit\u00e1rias.<\/p>\n\n\n\n<p><strong>Exerc\u00edcio resolvido da quest\u00e3o 16 <\/strong><\/p>\n\n\n\n<p>Alternativa correta: letra <strong>d)<\/strong> a decad\u00eancia da atividade a\u00e7ucareira;<\/p>\n\n\n\n<p><strong>Exerc\u00edcio resolvido da quest\u00e3o 17 <\/strong><\/p>\n\n\n\n<p>Alternativa correta: letra <strong>b)<\/strong> Madri<\/p>\n\n\n\n<p>Queremos te ajudar a encontrar a <strong>FACULDADE IDEAL!<\/strong> Logo abaixo, fa\u00e7a uma pesquisa por curso e cidade que te mostraremos todas as faculdades que podem te atender. <strong>Informamos a nota de corte, valor de mensalidade, nota do MEC, avalia\u00e7\u00e3o dos alunos, modalidades de ensino e muito mais.<\/strong><br><\/p>\n\n\n\n<p><strong>Experimente agora!<\/strong><br><\/p>\n","protected":false},"excerpt":{"rendered":"<p>A Coroa portuguesa chegou ao territ\u00f3rio brasileiro no ano de 1500, na expedi\u00e7\u00e3o liderada por Pedro \u00c1lvares Cabral. Os portugueses chegaram no Brasil, e denominaram \u201cselvagens\u201d os ind\u00edgenas que aqui habitavam. Se aprofunde mais na mat\u00e9ria e fa\u00e7a os nossos exerc\u00edcios sobre a coloniza\u00e7\u00e3o portuguesa no Brasil. Se quiser ir diretamente para alguma parte do [&hellip;]<\/p>\n","protected":false},"author":1,"featured_media":23787,"comment_status":"open","ping_status":"closed","sticky":false,"template":"","format":"standard","meta":{"_mi_skip_tracking":false,"_monsterinsights_sitenote_active":false,"_monsterinsights_sitenote_note":"","_monsterinsights_sitenote_category":0},"categories":[604],"tags":[765],"yoast_head":"<!-- This site is optimized with the Yoast SEO plugin v20.10 - https:\/\/yoast.com\/wordpress\/plugins\/seo\/ -->\n<title>Os 17 Melhores Exerc\u00edcios sobre a Coloniza\u00e7\u00e3o Portuguesa no Brasil<\/title>\n<meta name=\"description\" content=\"\u25b7Exerc\u00edcios sobre a coloniza\u00e7\u00e3o portuguesa no Brasil com gabarito. Servem para alunos ensino fundamental e do ensino m\u00e9dio. Todos com resposta e mat\u00e9ria.\" \/>\n<meta name=\"robots\" content=\"index, follow, max-snippet:-1, max-image-preview:large, max-video-preview:-1\" \/>\n<link rel=\"canonical\" href=\"https:\/\/beduka.com\/blog\/exercicios\/historia-exercicios\/exercicios-sobre-colonizacao-portuguesa-no-brasil\/\" \/>\n<meta property=\"og:locale\" content=\"pt_BR\" \/>\n<meta property=\"og:type\" content=\"article\" \/>\n<meta property=\"og:title\" content=\"Os 17 Melhores Exerc\u00edcios sobre a Coloniza\u00e7\u00e3o Portuguesa no Brasil\" \/>\n<meta property=\"og:description\" content=\"\u25b7Exerc\u00edcios sobre a coloniza\u00e7\u00e3o portuguesa no Brasil com gabarito. Servem para alunos ensino fundamental e do ensino m\u00e9dio. Todos com resposta e mat\u00e9ria.\" \/>\n<meta property=\"og:url\" content=\"https:\/\/beduka.com\/blog\/exercicios\/historia-exercicios\/exercicios-sobre-colonizacao-portuguesa-no-brasil\/\" \/>\n<meta property=\"og:site_name\" content=\"Blog do Beduka | Mat\u00e9rias resumidas, Dicas e Exerc\u00edcios Enem\" \/>\n<meta property=\"article:publisher\" content=\"https:\/\/www.facebook.com\/beduka.buscadordefaculdades\/\" \/>\n<meta property=\"article:author\" content=\"https:\/\/www.facebook.com\/beduka.buscadordefaculdades\" \/>\n<meta property=\"article:published_time\" content=\"2019-05-28T17:55:11+00:00\" \/>\n<meta property=\"article:modified_time\" content=\"2022-09-19T13:27:05+00:00\" \/>\n<meta property=\"og:image\" content=\"https:\/\/beduka.com\/blog\/wp-content\/uploads\/2019\/05\/Exercicios-Sobre-a-Colonizacao-Portuguesa-no-Brasil.jpg\" \/>\n\t<meta property=\"og:image:width\" content=\"609\" \/>\n\t<meta property=\"og:image:height\" content=\"342\" \/>\n\t<meta property=\"og:image:type\" content=\"image\/jpeg\" \/>\n<meta name=\"author\" content=\"Reda\u00e7\u00e3o Beduka (a)\" \/>\n<meta name=\"twitter:card\" content=\"summary_large_image\" \/>\n<meta name=\"twitter:label1\" content=\"Escrito por\" \/>\n\t<meta name=\"twitter:data1\" content=\"Reda\u00e7\u00e3o Beduka (a)\" \/>\n\t<meta name=\"twitter:label2\" content=\"Est. tempo de leitura\" \/>\n\t<meta name=\"twitter:data2\" content=\"18 minutos\" \/>\n<script type=\"application\/ld+json\" class=\"yoast-schema-graph\">{\"@context\":\"https:\/\/schema.org\",\"@graph\":[{\"@type\":\"Article\",\"@id\":\"https:\/\/beduka.com\/blog\/exercicios\/historia-exercicios\/exercicios-sobre-colonizacao-portuguesa-no-brasil\/#article\",\"isPartOf\":{\"@id\":\"https:\/\/beduka.com\/blog\/exercicios\/historia-exercicios\/exercicios-sobre-colonizacao-portuguesa-no-brasil\/\"},\"author\":{\"name\":\"Reda\u00e7\u00e3o Beduka (a)\",\"@id\":\"https:\/\/beduka.com\/blog\/#\/schema\/person\/325d912d2cb8dd9ede8ab291427d2b8a\"},\"headline\":\"Os 17 Melhores Exerc\u00edcios sobre Coloniza\u00e7\u00e3o Portuguesa no Brasil com gabarito\",\"datePublished\":\"2019-05-28T17:55:11+00:00\",\"dateModified\":\"2022-09-19T13:27:05+00:00\",\"mainEntityOfPage\":{\"@id\":\"https:\/\/beduka.com\/blog\/exercicios\/historia-exercicios\/exercicios-sobre-colonizacao-portuguesa-no-brasil\/\"},\"wordCount\":3663,\"commentCount\":6,\"publisher\":{\"@id\":\"https:\/\/beduka.com\/blog\/#organization\"},\"keywords\":[\"Exerc\u00edcios sobre Coloniza\u00e7\u00e3o Portuguesa no Brasil\"],\"articleSection\":[\"Hist\u00f3ria\"],\"inLanguage\":\"pt-BR\",\"potentialAction\":[{\"@type\":\"CommentAction\",\"name\":\"Comment\",\"target\":[\"https:\/\/beduka.com\/blog\/exercicios\/historia-exercicios\/exercicios-sobre-colonizacao-portuguesa-no-brasil\/#respond\"]}]},{\"@type\":\"WebPage\",\"@id\":\"https:\/\/beduka.com\/blog\/exercicios\/historia-exercicios\/exercicios-sobre-colonizacao-portuguesa-no-brasil\/\",\"url\":\"https:\/\/beduka.com\/blog\/exercicios\/historia-exercicios\/exercicios-sobre-colonizacao-portuguesa-no-brasil\/\",\"name\":\"Os 17 Melhores Exerc\u00edcios sobre a Coloniza\u00e7\u00e3o Portuguesa no Brasil\",\"isPartOf\":{\"@id\":\"https:\/\/beduka.com\/blog\/#website\"},\"datePublished\":\"2019-05-28T17:55:11+00:00\",\"dateModified\":\"2022-09-19T13:27:05+00:00\",\"description\":\"\u25b7Exerc\u00edcios sobre a coloniza\u00e7\u00e3o portuguesa no Brasil com gabarito. Servem para alunos ensino fundamental e do ensino m\u00e9dio. Todos com resposta e mat\u00e9ria.\",\"breadcrumb\":{\"@id\":\"https:\/\/beduka.com\/blog\/exercicios\/historia-exercicios\/exercicios-sobre-colonizacao-portuguesa-no-brasil\/#breadcrumb\"},\"inLanguage\":\"pt-BR\",\"potentialAction\":[{\"@type\":\"ReadAction\",\"target\":[\"https:\/\/beduka.com\/blog\/exercicios\/historia-exercicios\/exercicios-sobre-colonizacao-portuguesa-no-brasil\/\"]}]},{\"@type\":\"BreadcrumbList\",\"@id\":\"https:\/\/beduka.com\/blog\/exercicios\/historia-exercicios\/exercicios-sobre-colonizacao-portuguesa-no-brasil\/#breadcrumb\",\"itemListElement\":[{\"@type\":\"ListItem\",\"position\":1,\"name\":\"Home\",\"item\":\"https:\/\/beduka.com\/blog\/\"},{\"@type\":\"ListItem\",\"position\":2,\"name\":\"Os 17 Melhores Exerc\u00edcios sobre Coloniza\u00e7\u00e3o Portuguesa no Brasil com gabarito\"}]},{\"@type\":\"WebSite\",\"@id\":\"https:\/\/beduka.com\/blog\/#website\",\"url\":\"https:\/\/beduka.com\/blog\/\",\"name\":\"Blog do Beduka | Mat\u00e9rias resumidas, Dicas e Exerc\u00edcios Enem\",\"description\":\"O Blog do Beduka tem os conte\u00fados que mais caem no Enem, exerc\u00edcios de vestibular com gabarito, resumos, dicas e informa\u00e7\u00f5es Sisu, Prouni e Fies.Encontre dicas para o ENEM, resumos, exerc\u00edcios e informa\u00e7\u00f5es sobre os vestibulares. Acesse agora!\",\"publisher\":{\"@id\":\"https:\/\/beduka.com\/blog\/#organization\"},\"potentialAction\":[{\"@type\":\"SearchAction\",\"target\":{\"@type\":\"EntryPoint\",\"urlTemplate\":\"https:\/\/beduka.com\/blog\/?s={search_term_string}\"},\"query-input\":\"required name=search_term_string\"}],\"inLanguage\":\"pt-BR\"},{\"@type\":\"Organization\",\"@id\":\"https:\/\/beduka.com\/blog\/#organization\",\"name\":\"Beduka\",\"url\":\"https:\/\/beduka.com\/blog\/\",\"logo\":{\"@type\":\"ImageObject\",\"inLanguage\":\"pt-BR\",\"@id\":\"https:\/\/beduka.com\/blog\/#\/schema\/logo\/image\/\",\"url\":\"https:\/\/beduka.com\/blog\/wp-content\/uploads\/2020\/06\/marca-beduka.png\",\"contentUrl\":\"https:\/\/beduka.com\/blog\/wp-content\/uploads\/2020\/06\/marca-beduka.png\",\"width\":1077,\"height\":368,\"caption\":\"Beduka\"},\"image\":{\"@id\":\"https:\/\/beduka.com\/blog\/#\/schema\/logo\/image\/\"},\"sameAs\":[\"https:\/\/www.facebook.com\/beduka.buscadordefaculdades\/\",\"https:\/\/www.instagram.com\/beduka_oficial\/\",\"https:\/\/www.linkedin.com\/company\/beduka\",\"https:\/\/br.pinterest.com\/bedukaoficial\/\",\"https:\/\/www.youtube.com\/beduka\"]},{\"@type\":\"Person\",\"@id\":\"https:\/\/beduka.com\/blog\/#\/schema\/person\/325d912d2cb8dd9ede8ab291427d2b8a\",\"name\":\"Reda\u00e7\u00e3o Beduka (a)\",\"image\":{\"@type\":\"ImageObject\",\"inLanguage\":\"pt-BR\",\"@id\":\"https:\/\/beduka.com\/blog\/#\/schema\/person\/image\/\",\"url\":\"https:\/\/secure.gravatar.com\/avatar\/6f58a181ef24e0dc0bb73f096aa0f8b5?s=96&d=mm&r=g\",\"contentUrl\":\"https:\/\/secure.gravatar.com\/avatar\/6f58a181ef24e0dc0bb73f096aa0f8b5?s=96&d=mm&r=g\",\"caption\":\"Reda\u00e7\u00e3o Beduka (a)\"},\"description\":\"Este conte\u00fado foi criado e validado por uma equipe multidisciplinar, formada por especialistas em cada \u00e1rea do conhecimento. O Beduka est\u00e1 presente no Instagram, YouTube, LinkedIn e em diversos outros ambientes digitais. O site foi criado em 2017 e, desde a sua funda\u00e7\u00e3o, atua para fornecer materiais de qualidade para facilitar a vida de estudantes de todo o Brasil, ajudando-os a se preparar para os principais vestibulares e o Enem.\",\"sameAs\":[\"https:\/\/www.facebook.com\/beduka.buscadordefaculdades\",\"https:\/\/www.instagram.com\/beduka_oficial\/\",\"https:\/\/br.pinterest.com\/bedukaoficial\/\"],\"url\":\"https:\/\/beduka.com\/blog\/author\/admin\/\"}]}<\/script>\n<!-- \/ Yoast SEO plugin. -->","yoast_head_json":{"title":"Os 17 Melhores Exerc\u00edcios sobre a Coloniza\u00e7\u00e3o Portuguesa no Brasil","description":"\u25b7Exerc\u00edcios sobre a coloniza\u00e7\u00e3o portuguesa no Brasil com gabarito. Servem para alunos ensino fundamental e do ensino m\u00e9dio. Todos com resposta e mat\u00e9ria.","robots":{"index":"index","follow":"follow","max-snippet":"max-snippet:-1","max-image-preview":"max-image-preview:large","max-video-preview":"max-video-preview:-1"},"canonical":"https:\/\/beduka.com\/blog\/exercicios\/historia-exercicios\/exercicios-sobre-colonizacao-portuguesa-no-brasil\/","og_locale":"pt_BR","og_type":"article","og_title":"Os 17 Melhores Exerc\u00edcios sobre a Coloniza\u00e7\u00e3o Portuguesa no Brasil","og_description":"\u25b7Exerc\u00edcios sobre a coloniza\u00e7\u00e3o portuguesa no Brasil com gabarito. Servem para alunos ensino fundamental e do ensino m\u00e9dio. Todos com resposta e mat\u00e9ria.","og_url":"https:\/\/beduka.com\/blog\/exercicios\/historia-exercicios\/exercicios-sobre-colonizacao-portuguesa-no-brasil\/","og_site_name":"Blog do Beduka | Mat\u00e9rias resumidas, Dicas e Exerc\u00edcios Enem","article_publisher":"https:\/\/www.facebook.com\/beduka.buscadordefaculdades\/","article_author":"https:\/\/www.facebook.com\/beduka.buscadordefaculdades","article_published_time":"2019-05-28T17:55:11+00:00","article_modified_time":"2022-09-19T13:27:05+00:00","og_image":[{"width":609,"height":342,"url":"https:\/\/beduka.com\/blog\/wp-content\/uploads\/2019\/05\/Exercicios-Sobre-a-Colonizacao-Portuguesa-no-Brasil.jpg","type":"image\/jpeg"}],"author":"Reda\u00e7\u00e3o Beduka (a)","twitter_card":"summary_large_image","twitter_misc":{"Escrito por":"Reda\u00e7\u00e3o Beduka (a)","Est. tempo de leitura":"18 minutos"},"schema":{"@context":"https:\/\/schema.org","@graph":[{"@type":"Article","@id":"https:\/\/beduka.com\/blog\/exercicios\/historia-exercicios\/exercicios-sobre-colonizacao-portuguesa-no-brasil\/#article","isPartOf":{"@id":"https:\/\/beduka.com\/blog\/exercicios\/historia-exercicios\/exercicios-sobre-colonizacao-portuguesa-no-brasil\/"},"author":{"name":"Reda\u00e7\u00e3o Beduka (a)","@id":"https:\/\/beduka.com\/blog\/#\/schema\/person\/325d912d2cb8dd9ede8ab291427d2b8a"},"headline":"Os 17 Melhores Exerc\u00edcios sobre Coloniza\u00e7\u00e3o Portuguesa no Brasil com gabarito","datePublished":"2019-05-28T17:55:11+00:00","dateModified":"2022-09-19T13:27:05+00:00","mainEntityOfPage":{"@id":"https:\/\/beduka.com\/blog\/exercicios\/historia-exercicios\/exercicios-sobre-colonizacao-portuguesa-no-brasil\/"},"wordCount":3663,"commentCount":6,"publisher":{"@id":"https:\/\/beduka.com\/blog\/#organization"},"keywords":["Exerc\u00edcios sobre Coloniza\u00e7\u00e3o Portuguesa no Brasil"],"articleSection":["Hist\u00f3ria"],"inLanguage":"pt-BR","potentialAction":[{"@type":"CommentAction","name":"Comment","target":["https:\/\/beduka.com\/blog\/exercicios\/historia-exercicios\/exercicios-sobre-colonizacao-portuguesa-no-brasil\/#respond"]}]},{"@type":"WebPage","@id":"https:\/\/beduka.com\/blog\/exercicios\/historia-exercicios\/exercicios-sobre-colonizacao-portuguesa-no-brasil\/","url":"https:\/\/beduka.com\/blog\/exercicios\/historia-exercicios\/exercicios-sobre-colonizacao-portuguesa-no-brasil\/","name":"Os 17 Melhores Exerc\u00edcios sobre a Coloniza\u00e7\u00e3o Portuguesa no Brasil","isPartOf":{"@id":"https:\/\/beduka.com\/blog\/#website"},"datePublished":"2019-05-28T17:55:11+00:00","dateModified":"2022-09-19T13:27:05+00:00","description":"\u25b7Exerc\u00edcios sobre a coloniza\u00e7\u00e3o portuguesa no Brasil com gabarito. Servem para alunos ensino fundamental e do ensino m\u00e9dio. Todos com resposta e mat\u00e9ria.","breadcrumb":{"@id":"https:\/\/beduka.com\/blog\/exercicios\/historia-exercicios\/exercicios-sobre-colonizacao-portuguesa-no-brasil\/#breadcrumb"},"inLanguage":"pt-BR","potentialAction":[{"@type":"ReadAction","target":["https:\/\/beduka.com\/blog\/exercicios\/historia-exercicios\/exercicios-sobre-colonizacao-portuguesa-no-brasil\/"]}]},{"@type":"BreadcrumbList","@id":"https:\/\/beduka.com\/blog\/exercicios\/historia-exercicios\/exercicios-sobre-colonizacao-portuguesa-no-brasil\/#breadcrumb","itemListElement":[{"@type":"ListItem","position":1,"name":"Home","item":"https:\/\/beduka.com\/blog\/"},{"@type":"ListItem","position":2,"name":"Os 17 Melhores Exerc\u00edcios sobre Coloniza\u00e7\u00e3o Portuguesa no Brasil com gabarito"}]},{"@type":"WebSite","@id":"https:\/\/beduka.com\/blog\/#website","url":"https:\/\/beduka.com\/blog\/","name":"Blog do Beduka | Mat\u00e9rias resumidas, Dicas e Exerc\u00edcios Enem","description":"O Blog do Beduka tem os conte\u00fados que mais caem no Enem, exerc\u00edcios de vestibular com gabarito, resumos, dicas e informa\u00e7\u00f5es Sisu, Prouni e Fies.Encontre dicas para o ENEM, resumos, exerc\u00edcios e informa\u00e7\u00f5es sobre os vestibulares. Acesse agora!","publisher":{"@id":"https:\/\/beduka.com\/blog\/#organization"},"potentialAction":[{"@type":"SearchAction","target":{"@type":"EntryPoint","urlTemplate":"https:\/\/beduka.com\/blog\/?s={search_term_string}"},"query-input":"required name=search_term_string"}],"inLanguage":"pt-BR"},{"@type":"Organization","@id":"https:\/\/beduka.com\/blog\/#organization","name":"Beduka","url":"https:\/\/beduka.com\/blog\/","logo":{"@type":"ImageObject","inLanguage":"pt-BR","@id":"https:\/\/beduka.com\/blog\/#\/schema\/logo\/image\/","url":"https:\/\/beduka.com\/blog\/wp-content\/uploads\/2020\/06\/marca-beduka.png","contentUrl":"https:\/\/beduka.com\/blog\/wp-content\/uploads\/2020\/06\/marca-beduka.png","width":1077,"height":368,"caption":"Beduka"},"image":{"@id":"https:\/\/beduka.com\/blog\/#\/schema\/logo\/image\/"},"sameAs":["https:\/\/www.facebook.com\/beduka.buscadordefaculdades\/","https:\/\/www.instagram.com\/beduka_oficial\/","https:\/\/www.linkedin.com\/company\/beduka","https:\/\/br.pinterest.com\/bedukaoficial\/","https:\/\/www.youtube.com\/beduka"]},{"@type":"Person","@id":"https:\/\/beduka.com\/blog\/#\/schema\/person\/325d912d2cb8dd9ede8ab291427d2b8a","name":"Reda\u00e7\u00e3o Beduka (a)","image":{"@type":"ImageObject","inLanguage":"pt-BR","@id":"https:\/\/beduka.com\/blog\/#\/schema\/person\/image\/","url":"https:\/\/secure.gravatar.com\/avatar\/6f58a181ef24e0dc0bb73f096aa0f8b5?s=96&d=mm&r=g","contentUrl":"https:\/\/secure.gravatar.com\/avatar\/6f58a181ef24e0dc0bb73f096aa0f8b5?s=96&d=mm&r=g","caption":"Reda\u00e7\u00e3o Beduka (a)"},"description":"Este conte\u00fado foi criado e validado por uma equipe multidisciplinar, formada por especialistas em cada \u00e1rea do conhecimento. O Beduka est\u00e1 presente no Instagram, YouTube, LinkedIn e em diversos outros ambientes digitais. O site foi criado em 2017 e, desde a sua funda\u00e7\u00e3o, atua para fornecer materiais de qualidade para facilitar a vida de estudantes de todo o Brasil, ajudando-os a se preparar para os principais vestibulares e o Enem.","sameAs":["https:\/\/www.facebook.com\/beduka.buscadordefaculdades","https:\/\/www.instagram.com\/beduka_oficial\/","https:\/\/br.pinterest.com\/bedukaoficial\/"],"url":"https:\/\/beduka.com\/blog\/author\/admin\/"}]}},"_links":{"self":[{"href":"https:\/\/beduka.com\/blog\/wp-json\/wp\/v2\/posts\/7650"}],"collection":[{"href":"https:\/\/beduka.com\/blog\/wp-json\/wp\/v2\/posts"}],"about":[{"href":"https:\/\/beduka.com\/blog\/wp-json\/wp\/v2\/types\/post"}],"author":[{"embeddable":true,"href":"https:\/\/beduka.com\/blog\/wp-json\/wp\/v2\/users\/1"}],"replies":[{"embeddable":true,"href":"https:\/\/beduka.com\/blog\/wp-json\/wp\/v2\/comments?post=7650"}],"version-history":[{"count":13,"href":"https:\/\/beduka.com\/blog\/wp-json\/wp\/v2\/posts\/7650\/revisions"}],"predecessor-version":[{"id":26993,"href":"https:\/\/beduka.com\/blog\/wp-json\/wp\/v2\/posts\/7650\/revisions\/26993"}],"wp:featuredmedia":[{"embeddable":true,"href":"https:\/\/beduka.com\/blog\/wp-json\/wp\/v2\/media\/23787"}],"wp:attachment":[{"href":"https:\/\/beduka.com\/blog\/wp-json\/wp\/v2\/media?parent=7650"}],"wp:term":[{"taxonomy":"category","embeddable":true,"href":"https:\/\/beduka.com\/blog\/wp-json\/wp\/v2\/categories?post=7650"},{"taxonomy":"post_tag","embeddable":true,"href":"https:\/\/beduka.com\/blog\/wp-json\/wp\/v2\/tags?post=7650"}],"curies":[{"name":"wp","href":"https:\/\/api.w.org\/{rel}","templated":true}]}}