{"id":9859,"date":"2019-08-02T14:44:26","date_gmt":"2019-08-02T17:44:26","guid":{"rendered":"https:\/\/beduka.com\/blog\/?p=9859"},"modified":"2024-05-13T16:53:24","modified_gmt":"2024-05-13T19:53:24","slug":"quem-pode-fazer-o-enem","status":"publish","type":"post","link":"https:\/\/beduka.com\/blog\/enem\/quem-pode-fazer-o-enem\/","title":{"rendered":"Quem pode fazer o Enem? Descubra a resposta pra essa e outras d\u00favidas importantes!"},"content":{"rendered":"\n<blockquote class=\"wp-block-quote\">\n<p>&#8220;<em style=\"font-weight: bold;\">Quem pode fazer o Enem?&#8221; Qualquer um! Qualquer pessoa pode tentar conseguir notas necess\u00e1rias para bolsas no Prouni, vagas em universidades p\u00fablicas participantes do Sisu ou financiamento pelo Fies. Leia esse artigo e descubra muito mais! <\/em><\/p>\n<\/blockquote>\n\n\n\n<p>Quer ir diretamente para alguma parte do texto? <strong>Clique em um dos t\u00f3picos abaixo:<\/strong><\/p>\n\n\n\n<ul>\n<li><a href=\"#1\" data-type=\"internal\" data-id=\"#1\">Quem pode fazer o Enem?<\/a><\/li>\n\n\n\n<li><a href=\"#2\" data-type=\"internal\" data-id=\"#2\">Estudante de escola particular pode fazer o Enem?<\/a><\/li>\n\n\n\n<li><a href=\"#3\" data-type=\"internal\" data-id=\"#3\">Presos podem fazer o Enem?<\/a><\/li>\n\n\n\n<li><a href=\"#4\" data-type=\"internal\" data-id=\"#4\">Quem chegar atrasado pode fazer o Enem?<\/a><\/li>\n\n\n\n<li><a href=\"#5\" data-type=\"internal\" data-id=\"#5\">Quem est\u00e1 amamentando pode fazer o Enem?<\/a><\/li>\n\n\n\n<li><a href=\"#6\" data-type=\"internal\" data-id=\"#6\">Gr\u00e1vidas podem fazer o Enem?<\/a><\/li>\n\n\n\n<li><a href=\"#7\" data-type=\"internal\" data-id=\"#7\">Deficientes podem fazer o Enem?<\/a><\/li>\n\n\n\n<li><a href=\"#8\" data-type=\"internal\" data-id=\"#8\">Idosos podem fazer o Enem?<\/a><\/li>\n\n\n\n<li><a href=\"#9\" data-type=\"internal\" data-id=\"#9\">Quem estiver hospitalizado pode fazer o Enem?<\/a><\/li>\n\n\n\n<li><a href=\"#10\" data-type=\"internal\" data-id=\"#10\">Como solicitar atendimento especial?<\/a><\/li>\n\n\n\n<li><a href=\"#11\" data-type=\"internal\" data-id=\"#11\">E se a documenta\u00e7\u00e3o comprobat\u00f3ria for recusada?<\/a><\/li>\n\n\n\n<li><a href=\"#12\" data-type=\"internal\" data-id=\"#12\">\u00c9 poss\u00edvel obter o certificado de conclus\u00e3o do Ensino M\u00e9dio pelo Enem?<\/a><\/li>\n\n\n\n<li><a href=\"#conectamos-voc\u00ea-\u00e0-faculdade\" data-type=\"internal\" data-id=\"#conectamos-voc\u00ea-\u00e0-faculdade\">N\u00f3s conectamos voc\u00ea \u00e0 faculdade!<\/a><\/li>\n<\/ul>\n\n\n\n<p>Voc\u00ea sabia que \u00e9 poss\u00edvel entrar no <strong>curso dos seus sonhos<\/strong> sem precisar da nota do ENEM? Com o <a href=\"https:\/\/beduka.com\/bolsas\" target=\"_blank\" rel=\"noreferrer noopener\"><strong>Beduka Bolsas<\/strong><\/a> voc\u00ea garante desconto de at\u00e9 <strong>65% na mensalidade + matr\u00edcula gratuita.<\/strong> Acesse agora mesmo!<\/p>\n\n\n\n<h2 class=\"wp-block-heading\" id=\"1\">Quem pode fazer o Enem 2024?<\/h2>\n\n\n\n<p>De uma forma geral <strong>qualquer pessoa matriculada no Ensino M\u00e9dio ou que j\u00e1 o tenha terminado pode fazer o Enem.<\/strong> N\u00e3o h\u00e1 idade m\u00e1xima.<\/p>\n\n\n\n<p> Apenas \u00e9 v\u00e1lido ressaltar que <strong>os que n\u00e3o completaram 18 anos<\/strong> e n\u00e3o conclu\u00edram o Ensino M\u00e9dio, <strong>n\u00e3o poder\u00e3o usar a nota do Enem para ingressar no Ensino Superior<\/strong>, ou seja, far\u00e3o a prova e n\u00e3o entrar\u00e3o em nenhuma faculdade. <\/p>\n\n\n\n<p>Esses s\u00e3o os famosos <strong>treineiros Enem.<\/strong><\/p>\n\n\n\n<p>J\u00e1 temos um artigo com tudinho explicado sobre o <a aria-label=\" (abre numa nova aba)\" href=\"https:\/\/beduka.com\/blog\/dicas\/enem-dicas\/treineiro-enem\/\" target=\"_blank\" rel=\"noreferrer noopener\">treineiro Enem 2024.<\/a> Se essa for sua d\u00favida, n\u00e3o deixe de conferir<\/p>\n\n\n\n<p>Apesar de qualquer um poder fazer o Enem, para alguns casos h\u00e1 <strong>regras espec\u00edficas<\/strong>, bem como modos diferentes de aplica\u00e7\u00e3o das provas. Isso veremos com detalhes logo abaixo deste nosso artigo sobre quem pode fazer o Enem.<\/p>\n\n\n\n<p>Temos um <a href=\"https:\/\/beduka.com\/blog\/guia-completo-do-enem\/\" target=\"_blank\" rel=\"noreferrer noopener\" aria-label=\" (abre numa nova aba)\">guia completo sobre o Enem<\/a> com todas as informa\u00e7\u00f5es sobre o Exame.<\/p>\n\n\n\n<h2 class=\"wp-block-heading\" id=\"2\">Estudante de escola particular pode fazer o Enem 2024?<\/h2>\n\n\n\n<p><strong>Pode sim.<\/strong> O Exame Nacional do Ensino m\u00e9dio \u00e9 para<strong> todo tipo de estudante<\/strong>, seja de escola p\u00fablica ou particular. <\/p>\n\n\n\n<p>A diferen\u00e7a \u00e9 que <strong>os alunos que cursaram todo o ensino m\u00e9dio na escola p\u00fablica podem pedir a isen\u00e7\u00e3o da taxa de inscri\u00e7\u00e3o<\/strong> e ela ser\u00e1 aceita automaticamente, ou seja, eles s\u00e3o os alunos que podem fazer o Enem de gra\u00e7a.<\/p>\n\n\n\n<p>A prova dos estudantes da rede p\u00fablica e privada, dos alunos que conseguiram a isen\u00e7\u00e3o e dos que n\u00e3o conseguiram, acontecem no mesmo dia e hor\u00e1rio, com o mesmo conte\u00fado e grau de dificuldade.<\/p>\n\n\n\n<h2 class=\"wp-block-heading\" id=\"3\">Detentos podem fazer o Exame?<\/h2>\n\n\n\n<p>Estamos falando de presidi\u00e1rios, das pessoas privadas da liberdade (<strong>detentos<\/strong>). <\/p>\n\n\n\n<p><strong>Sim<\/strong>, os presos podem fazer o Enem, eles t\u00eam esse direito. Trata-se do <strong>Enem PPL<\/strong> (Exame Nacional do Ensino M\u00e9dio para<strong> Pessoas Privadas de Liberdade<\/strong>)<\/p>\n\n\n\n<p>S\u00e3o duas situa\u00e7\u00f5es diferentes:<\/p>\n\n\n\n<ul>\n<li><strong>Adolescentes<\/strong> que cumprem medidas socioeducativas e que estejam privados de liberdade (presos)<\/li>\n\n\n\n<li><strong>Adultos<\/strong> privados de liberdade (presos)<\/li>\n<\/ul>\n\n\n\n<p>Para esses casos <strong>o <a href=\"https:\/\/enem.inep.gov.br\/participante\/\" target=\"_blank\" rel=\"noreferrer noopener\" aria-label=\" (abre numa nova aba)\">edital<\/a> do Enem \u00e9 diferente, com outras regras, locais e datas<\/strong> para as provas. Contudo, as mat\u00e9rias da prova s\u00e3o as mesmas e o grau de dificuldade tamb\u00e9m \u00e9 o mesmo. Elas acontecem em todos os estados e tamb\u00e9m no Distrito Federal.<\/p>\n\n\n\n<p>Isso vai te ajudar muito: <a href=\"https:\/\/beduka.com\/blog\/dicas\/enem-dicas\/temas-mais-cobrados-no-enem\/\" target=\"_blank\" rel=\"noreferrer noopener\" aria-label=\" (abre numa nova aba)\">Lista dos assuntos que mais caem na prova.<\/a><\/p>\n\n\n\n<h2 class=\"wp-block-heading\" id=\"4\">Quem chegar atrasado poder\u00e1 fazer o Enem 2024?<\/h2>\n\n\n\n<p><strong>N\u00e3o poder\u00e1.<\/strong> N\u00e3o h\u00e1 segunda chance, nem a menor possibilidade de se esperar um tempinho a mais, mesmo que seja um \u00fanico minuto.<\/p>\n\n\n\n<p>Certamente voc\u00ea j\u00e1 deve ter visto muitas reportagens com <strong>alunos chorando frente a um port\u00e3o fechado.<\/strong> Eles se atrasaram e n\u00e3o puderam fazer a prova. N\u00e3o importa o motivo, se foi sua culpa ou se n\u00e3o foi, o atraso ser\u00e1 fatal.<\/p>\n\n\n\n<p>As regras s\u00e3o muito r\u00edgidas e n\u00e3o h\u00e1 jeitinho ou pedido que mude isso. Por isso, a dica \u00e9: <strong>chegue com anteced\u00eancia no local da prova, pesquise sobre o tr\u00e2nsito, sobre os caminhos<\/strong>, etc. Assim que puder, cheque o local da prova e hor\u00e1rios de deslocamento.<\/p>\n\n\n\n<p>Saiba exatamente <a href=\"https:\/\/beduka.com\/blog\/materias\/redacao\/o-que-nao-fazer-na-redacao-enem\/\" target=\"_blank\" rel=\"noreferrer noopener\" aria-label=\" (abre numa nova aba)\">o que N\u00c3O fazer na reda\u00e7\u00e3o<\/a>. N\u00e3o perca seus preciosos pontos.<\/p>\n\n\n\n<h2 class=\"wp-block-heading\" id=\"5\">Quem est\u00e1 amamentando pode fazer o Enem?<\/h2>\n\n\n\n<p><strong>Sim.<\/strong> As mulheres que estiverem com beb\u00eas e necessitarem de amament\u00e1-los podem lev\u00e1-los e realizar a prova normalmente.<\/p>\n\n\n\n<p>Para isso, no momento da inscri\u00e7\u00e3o, \u00e9 preciso <strong>solicitar atendimento espec\u00edfico<\/strong> e marcar a op\u00e7\u00e3o \u201c<strong>Lactante<\/strong>\u201d.<\/p>\n\n\n\n<p>Outro quesito para ser atendido assim \u00e9 levar um<strong> acompanhante<\/strong>. Isso \u00e9 obrigat\u00f3rio! O beb\u00ea n\u00e3o ficar\u00e1 nos bra\u00e7os da m\u00e3e enquanto a prova \u00e9 realizada. Ela dever\u00e1 deixar a crian\u00e7a com uma<strong> pessoa adulta e que ficar\u00e1 numa sala especial cuidando da crian\u00e7a.<\/strong><\/p>\n\n\n\n<p>Em nenhum momento o acompanhante que estiver com o beb\u00ea poder\u00e1 entrar no local da prova, onde haver\u00e1 outros candidatos realizando o Exame. Inclusive <strong>o acompanhante estar\u00e1 sujeito \u00e0s mesmas regras<\/strong> referentes \u00e0 guarda de objetos e ser\u00e1 submetido ao detector de metais. <\/p>\n\n\n\n<p>A m\u00e3e \u00e9 que deixar\u00e1 o local da prova, quando preciso, para amamentar e depois voltar.<\/p>\n\n\n\n<p>Neste caso, as datas e hor\u00e1rios das provas s\u00e3o os mesmos para quem pode fazer o Enem nessa situa\u00e7\u00e3o e para os outros participantes. N\u00e3o h\u00e1 diferen\u00e7a.<\/p>\n\n\n\n<h2 class=\"wp-block-heading\" id=\"6\">Quem est\u00e1 gr\u00e1vida pode? <\/h2>\n\n\n\n<p><strong>Sim.<\/strong> As gr\u00e1vidas tamb\u00e9m podem fazer o Enem. Por que n\u00e3o?<\/p>\n\n\n\n<p>Inclusive <strong>podem solicitar atendimento espec\u00edfico e realizar a prova no andar t\u00e9rreo para n\u00e3o terem de subir escadas.<\/strong> Para isso, no ato da inscri\u00e7\u00e3o, essas mulheres devem selecionar a op\u00e7\u00e3o \u201c<strong>Gestante<\/strong>\u201d.<\/p>\n\n\n\n<p>As regras de data, hor\u00e1rio e local para quem pode fazer o Enem como gestante s\u00e3o as mesmas dos demais participantes.<\/p>\n\n\n\n<ul>\n<li><a href=\"https:\/\/beduka.com\/blog\/dicas\/enem-dicas\/o-que-pode-levar-para-comer-enem\/\" target=\"_blank\" rel=\"noreferrer noopener\" aria-label=\" (abre numa nova aba)\">O que levar para comer no Enem?<\/a><\/li>\n<\/ul>\n\n\n\n<h2 class=\"wp-block-heading\" id=\"7\">Deficientes podem fazer o Enem 2024?<\/h2>\n\n\n\n<p><strong>Sim<\/strong>. O Minist\u00e9rio da Educa\u00e7\u00e3o (MEC) disponibiliza atendimentos especiais para as pessoas com defici\u00eancia. Veja os casos:<\/p>\n\n\n\n<ol>\n<li>Baixa vis\u00e3o<\/li>\n\n\n\n<li>Cegueira<\/li>\n\n\n\n<li>Defici\u00eancia f\u00edsica<\/li>\n\n\n\n<li>Defici\u00eancia auditiva<\/li>\n\n\n\n<li>Surdez<\/li>\n\n\n\n<li>Defici\u00eancia mental (intelectual)<\/li>\n\n\n\n<li>Surdo cegueira<\/li>\n\n\n\n<li>Dislexia<\/li>\n\n\n\n<li>D\u00e9ficit de aten\u00e7\u00e3o<\/li>\n\n\n\n<li>Autismo<\/li>\n\n\n\n<li>Discalculia<\/li>\n\n\n\n<li>Outras condi\u00e7\u00f5es especiais<\/li>\n<\/ol>\n\n\n\n<p>Obviamente <strong>o participante \u00e9 obrigado a informar qual \u00e9 a sua condi\u00e7\u00e3o e qual \u00e9 o tipo de atendimento especializado de que precisa<\/strong> no momento em que estiver realizando a inscri\u00e7\u00e3o, n\u00e3o antes e n\u00e3o depois.<\/p>\n\n\n\n<p><strong>Tipos de atendimento especializado no Enem:<\/strong><\/p>\n\n\n\n<ol>\n<li>Prova em braile<\/li>\n\n\n\n<li>Tradutor\/int\u00e9rprete da Libras (L\u00edngua Brasileira de Sinais)<\/li>\n\n\n\n<li>Videoprova em Libras (v\u00eddeo com tradu\u00e7\u00e3o de itens em Libras)<\/li>\n\n\n\n<li>Prova com letras ampliadas (fonte tamanho 18 e figuras ampliadas tamb\u00e9m ou tamanho 24 e figuras ampliadas)<\/li>\n\n\n\n<li>Guia\/int\u00e9rprete para pessoas com surdocegueira<\/li>\n\n\n\n<li>Ledor (Aux\u00edlio para leitura)<\/li>\n\n\n\n<li>Transcritor (Aux\u00edlio para transcri\u00e7\u00e3o)<\/li>\n\n\n\n<li>Leitura labial<\/li>\n\n\n\n<li>Tempo adicional<\/li>\n\n\n\n<li>Sala de f\u00e1cil acesso<\/li>\n\n\n\n<li>Mobili\u00e1rio acess\u00edvel<\/li>\n<\/ol>\n\n\n\n<p><a rel=\"noreferrer noopener\" aria-label=\"Reda\u00e7\u00e3o nota 1000 comentada parte por parte. (abre numa nova aba)\" href=\"https:\/\/beduka.com\/blog\/materias\/redacao\/redacao-nota-1000-corrigida-e-comentada\/\" target=\"_blank\">Reda\u00e7\u00e3o nota 1000 comentada parte por parte.<\/a><\/p>\n\n\n\n<p>Tamb\u00e9m \u00e9 poss\u00edvel <strong>solicitar tempo adicional<\/strong> para fazer a prova por causa de alguma defici\u00eancia. A regra \u00e9 a mesma, quem for fazer o Enem nessas condi\u00e7\u00f5es deve informar a condi\u00e7\u00e3o especial no momento da inscri\u00e7\u00e3o.<\/p>\n\n\n\n<p>De acordo com o Edital do Enem, comprovada a situa\u00e7\u00e3o, os alunos que necessitem dos <strong>seguintes equipamentos<\/strong> poder\u00e3o solicit\u00e1-los: <\/p>\n\n\n\n<ul>\n<li>M\u00e1quina Perkins<\/li>\n\n\n\n<li>Reglete<\/li>\n\n\n\n<li>Pun\u00e7\u00e3o<\/li>\n\n\n\n<li>Sorob\u00e3 ou cubaritmo<\/li>\n\n\n\n<li>Caneta de ponta grossa<\/li>\n\n\n\n<li>Tiposc\u00f3pio<\/li>\n\n\n\n<li>Assinador<\/li>\n\n\n\n<li>\u00d3culos especiais<\/li>\n\n\n\n<li>Lupa<\/li>\n\n\n\n<li>Telelupa<\/li>\n\n\n\n<li>Lumin\u00e1ria<\/li>\n\n\n\n<li>T\u00e1buas de apoio<\/li>\n<\/ul>\n\n\n\n<p><strong>ATEN\u00c7\u00c3O:<\/strong> Tudo \u00e9 solicitado e informado antes. Se n\u00e3o for formalizado e voc\u00ea levar algum destes equipamentos poder\u00e1 ser desclassificado.<\/p>\n\n\n\n<p><strong>Toda a documenta\u00e7\u00e3o \u00e9 enviada pela internet<\/strong> e se n\u00e3o for enviada nas datas prescritas, o benef\u00edcio n\u00e3o ser\u00e1 concedido.<\/p>\n\n\n\n<h2 class=\"wp-block-heading\" id=\"8\">Idosos podem fazer o Enem?<\/h2>\n\n\n\n<p><strong>Sim!<\/strong> N\u00e3o existe restri\u00e7\u00e3o de idade. Caso o idoso necessite de atendimento especial, sala no andar t\u00e9rreo, letra ampliada, etc, basta informar no ato da inscri\u00e7\u00e3o. As datas e hor\u00e1rios para quem pode fazer o Enem como idoso s\u00e3o id\u00eanticos aos dos demais candidatos.<\/p>\n\n\n\n<p>Aprenda a fazer a <a href=\"https:\/\/beduka.com\/blog\/materias\/redacao\/proposta-de-intervencao-enem\/\" target=\"_blank\" rel=\"noreferrer noopener\" aria-label=\" (abre numa nova aba)\">proposta de interven\u00e7\u00e3o na reda\u00e7\u00e3o.<\/a><\/p>\n\n\n\n<h2 class=\"wp-block-heading\" id=\"9\">Hospitalizados podem fazer o Enem?<\/h2>\n\n\n\n<p><strong>Em alguns casos sim e em outros n\u00e3o.<\/strong> Por isso, a resposta \u00e9: <strong>depende<\/strong>.<\/p>\n\n\n\n<p>No edital que explica quem pode fazer o Enem, ao se detalhar esta situa\u00e7\u00e3o, vemos essa express\u00e3o: <\/p>\n\n\n\n<p><strong>\u201cParticipantes em situa\u00e7\u00e3o de classe hospitalar\u201d<\/strong><\/p>\n\n\n\n<p>O que isso significa? Apenas poder\u00e1 solicitar a prova no hospital, aquele <strong>paciente que estiver passando por um processo formal de escolariza\u00e7\u00e3o dentro do hospital.<\/strong> J\u00e1 deve haver uma situa\u00e7\u00e3o em que a pessoa, mesmo internada, j\u00e1 esteja tendo aulas e sendo escolarizada. Isso tamb\u00e9m abrange estudantes internados para fazer tratamento de sa\u00fade.<\/p>\n\n\n\n<p><strong>Ser\u00e1 necess\u00e1rio que haja no hospital uma instala\u00e7\u00e3o adequada para a realiza\u00e7\u00e3o da prova<\/strong> e emita uma declara\u00e7\u00e3o contendo:<\/p>\n\n\n\n<ul>\n<li>O nome completo do participante internado e o seu CPF<\/li>\n\n\n\n<li>O diagn\u00f3stico, com a descri\u00e7\u00e3o da condi\u00e7\u00e3o que motivou a solicita\u00e7\u00e3o<\/li>\n\n\n\n<li>O nome e o endere\u00e7o completo do hospital, com UF\/munic\u00edpio, bairro, logradouro e CEP<\/li>\n\n\n\n<li>A assinatura e a identifica\u00e7\u00e3o do m\u00e9dico e\/ou profissional especializado respons\u00e1vel<\/li>\n<\/ul>\n\n\n\n<p>Os documentos somente ser\u00e3o aceitos se enviados em formato <strong>PDF<\/strong>, <strong>PNG<\/strong> ou <strong>JPG<\/strong> de no m\u00e1ximo <strong>2MB <\/strong>de tamanho. <strong>Isso \u00e9 v\u00e1lido para todo tipo de documenta\u00e7\u00e3o pedida e enviada pela internet no ato da inscri\u00e7\u00e3o.<\/strong><\/p>\n\n\n\n<p>Contudo, n\u00e3o poder\u00e3o solicitar o Enem no hospital, os estudantes que, no dia da prova, estiverem internados para fazer cirurgia, parto e tratamento espor\u00e1dico. Nesse caso, a pessoa est\u00e1 sendo escolarizada fora do hospital e por algum motivo, naquela data, teve de permanecer internada, e <strong>isso n\u00e3o categoriza uma escolariza\u00e7\u00e3o formal dentro do hospital<\/strong>.<\/p>\n\n\n\n<p>Pessoas que trabalham no hospital tamb\u00e9m n\u00e3o poder\u00e3o solicitar atendimento especial nessa categoria.<\/p>\n\n\n\n<h2 class=\"wp-block-heading\" id=\"10\">Como solicitar o atendimento especial?<\/h2>\n\n\n\n<p>Lactantes, gestantes, deficientes, idosos, pessoas em situa\u00e7\u00e3o de classe hospitalar, etc, podem solicitar o atendimento especial. Como vimos, <strong>deve ser feito no mesmo momento da inscri\u00e7\u00e3o<\/strong>, j\u00e1 que n\u00e3o h\u00e1 possibilidade de fazer isso antes ou depois.<\/p>\n\n\n\n<p>Essa solicita\u00e7\u00e3o \u00e9 feita pela internet e <strong>n\u00e3o s\u00e3o aceitas as solicita\u00e7\u00f5es feitas via correios, e-mails, fax ou telefone.<\/strong><\/p>\n\n\n\n<p>O Inep, \u00f3rg\u00e3o que organiza o Enem, pode solicitar desses participantes, algum tipo de documenta\u00e7\u00e3o que comprove a necessidade de atendimento especial. <strong>Essa documenta\u00e7\u00e3o pode ser exigida a qualquer momento.<\/strong><\/p>\n\n\n\n<h2 class=\"wp-block-heading\" id=\"11\">E se a documenta\u00e7\u00e3o comprobat\u00f3ria for reprovada?<\/h2>\n\n\n\n<p>Neste caso, o participante pode <strong>solicitar recurso<\/strong> e <strong>inserir novos documentos<\/strong> que realmente comprovem a necessidade do Atendimento Especializado.<\/p>\n\n\n\n<h2 class=\"wp-block-heading\" id=\"12\">Quem quer obter o certificado de conclus\u00e3o do Ensino M\u00e9dio pode fazer o Enem?<\/h2>\n\n\n\n<p><strong>N\u00e3o para este fim. <\/strong>O Enem n\u00e3o \u00e9 mais um meio v\u00e1lido para se concluir o Ensino M\u00e9dio. A partir de 2017, todo os que desejarem esse certificado precisam se inscrever no <strong>Encceja<\/strong> (Exame Nacional para Certifica\u00e7\u00e3o de Compet\u00eancias de Jovens e Adultos).<\/p>\n\n\n\n<ul>\n<li>Entenda <a href=\"https:\/\/beduka.com\/blog\/dicas\/encceja\/como-e-prova-encceja\/\" target=\"_blank\" rel=\"noreferrer noopener\" aria-label=\"como \u00e9 a prova do Encceja (abre numa nova aba)\">como \u00e9 a prova do Encceja<\/a>.<\/li>\n<\/ul>\n\n\n\n<h2 class=\"wp-block-heading\" id=\"13\">O que fazer com a nota do Enem 2024?<\/h2>\n\n\n\n<p><strong>Veja para que serve a nota do Enem:<\/strong><\/p>\n\n\n\n<ol>\n<li>Tentar conseguir uma vaga em alguma das universidades p\u00fablicas por meio do Sisu (Sistema de Sele\u00e7\u00e3o Unificada)<\/li>\n\n\n\n<li>Concorrer a bolsas de estudo pelo Prouni (Programa Universidade para Todos)<\/li>\n\n\n\n<li>Disputar vaga para obter financiamento do Fies (Fundo de Financiamento Estudantil)<\/li>\n\n\n\n<li>Completar a nota do vestibular em algumas universidades (vestibular seriado)<\/li>\n\n\n\n<li>Ingressar em faculdades particulares sem precisar prestar o vestibular espec\u00edfico delas<\/li>\n<\/ol>\n\n\n\n<p>Essas s\u00e3o as principais vantagens do Enem. N\u00e3o deixe de tentar! Para se organizar melhor, baixe o nosso<a href=\"https:\/\/beduka.com\/blog\/dicas\/enem-dicas\/plano-de-estudos-gratuito\/\" target=\"_blank\" rel=\"noreferrer noopener\" aria-label=\" (abre numa nova aba)\"> plano de estudos gratuito.<\/a><\/p>\n\n\n\n<p><strong>Gostou do nosso artigo sobre quem pode participar do Enem 2024?<\/strong> Confira outros artigos do nosso blog e se prepare para o Enem da melhor maneira!\u00a0<\/p>\n\n\n\n<p>Est\u00e1 estudando para o Enem e outros vestibulares? A seguir temos uma <strong>oportunidade imperd\u00edvel para voc\u00ea!<\/strong><\/p>\n\n\n\n<h2 class=\"wp-block-heading\" id=\"conectamos-voc\u00ea-\u00e0-faculdade\">N\u00f3s conectamos voc\u00ea \u00e0 faculdade!<\/h2>\n\n\n\n<p>O Beduka \u00e9 o seu maior parceiro quando o assunto \u00e9 <strong>entrar na faculdade<\/strong>. Aqui voc\u00ea encontra as <strong>melhores ferramentas<\/strong> para ficar <strong>mais perto do curso dos seus sonhos: <\/strong>resumos, listas de exerc\u00edcios, simulado, teste vocacional, entre outras\u2026<\/p>\n\n\n\n<p>Mas sabe qual \u00e9 a melhor de todas? O <a href=\"https:\/\/beduka.com\/bolsas\" target=\"_blank\" rel=\"noreferrer noopener\"><strong>Beduka Bolsas!<\/strong><\/a><\/p>\n\n\n\n<p>O <strong>Beduka Bolsas<\/strong> \u00e9 uma plataforma onde voc\u00ea pode comprar uma <strong>bolsa de estudos de at\u00e9 65% de desconto<\/strong> e estudar em uma das <strong>melhores universidades do Brasil!<\/strong><\/p>\n\n\n\n<p>\u00c9 isso mesmo! Temos mais de <strong>90 op\u00e7\u00f5es de cursos<\/strong> para voc\u00ea escolher em 8 universidades parceiras.&nbsp;<\/p>\n\n\n\n<ul>\n<li><a href=\"https:\/\/beduka.com\/bolsas\" target=\"_blank\" rel=\"noreferrer noopener\"><strong>Acesse o Beduka Bolsas e economize seu dinheiro<\/strong><\/a><\/li>\n<\/ul>\n\n\n\n<p>Siga o Beduka no <a href=\"https:\/\/br.pinterest.com\/bedukaoficial\/_created\/\" target=\"_blank\" rel=\"noreferrer noopener\"><strong>Pinterest<\/strong><\/a> e no <a href=\"https:\/\/www.instagram.com\/beduka_oficial\/\" target=\"_blank\" rel=\"noreferrer noopener\"><strong>Instagram<\/strong><\/a> e receba <strong>conte\u00fados gratuitos<\/strong> sobre o Enem e outros vestibulares todos os dias.&nbsp;<\/p>\n\n\n\n<p>Obrigada por ler nosso artigo sobre quem pode fazer o Enem.<\/p>\n","protected":false},"excerpt":{"rendered":"<p>Quem pode fazer o Enem 2023? Veja os detalhes da inscri\u00e7\u00e3o para alunos de escolas p\u00fablicas e privadas, detentos, idosos, gr\u00e1vidas, pacientes e etc.<\/p>\n","protected":false},"author":1,"featured_media":24863,"comment_status":"open","ping_status":"closed","sticky":false,"template":"","format":"standard","meta":{"_mi_skip_tracking":false,"_monsterinsights_sitenote_active":false,"_monsterinsights_sitenote_note":"","_monsterinsights_sitenote_category":0},"categories":[480],"tags":[532,1665,1666],"yoast_head":"<!-- This site is optimized with the Yoast SEO plugin v20.10 - https:\/\/yoast.com\/wordpress\/plugins\/seo\/ -->\n<title>Quem pode fazer o Enem 2024? Descubra todos os detalhes aqui!<\/title>\n<meta name=\"description\" content=\"Quem pode fazer o Enem 2024? Veja os detalhes da inscri\u00e7\u00e3o para alunos de escolas p\u00fablicas e privadas, detentos, idosos, gr\u00e1vidas, pacientes e etc.\" \/>\n<meta name=\"robots\" content=\"index, follow, max-snippet:-1, max-image-preview:large, max-video-preview:-1\" \/>\n<link rel=\"canonical\" href=\"https:\/\/beduka.com\/blog\/enem\/quem-pode-fazer-o-enem\/\" \/>\n<meta property=\"og:locale\" content=\"pt_BR\" \/>\n<meta property=\"og:type\" content=\"article\" \/>\n<meta property=\"og:title\" content=\"Quem pode fazer o Enem 2024? Descubra todos os detalhes aqui!\" \/>\n<meta property=\"og:description\" content=\"Quem pode fazer o Enem 2024? Veja os detalhes da inscri\u00e7\u00e3o para alunos de escolas p\u00fablicas e privadas, detentos, idosos, gr\u00e1vidas, pacientes e etc.\" \/>\n<meta property=\"og:url\" content=\"https:\/\/beduka.com\/blog\/enem\/quem-pode-fazer-o-enem\/\" \/>\n<meta property=\"og:site_name\" content=\"Blog do Beduka | Mat\u00e9rias resumidas, Dicas e Exerc\u00edcios Enem\" \/>\n<meta property=\"article:publisher\" content=\"https:\/\/www.facebook.com\/beduka.buscadordefaculdades\/\" \/>\n<meta property=\"article:author\" content=\"https:\/\/www.facebook.com\/beduka.buscadordefaculdades\" \/>\n<meta property=\"article:published_time\" content=\"2019-08-02T17:44:26+00:00\" \/>\n<meta property=\"article:modified_time\" content=\"2024-05-13T19:53:24+00:00\" \/>\n<meta property=\"og:image\" content=\"https:\/\/beduka.com\/blog\/wp-content\/uploads\/2019\/08\/quem-pode-fazer-o-enem-1.jpg\" \/>\n\t<meta property=\"og:image:width\" content=\"609\" \/>\n\t<meta property=\"og:image:height\" content=\"342\" \/>\n\t<meta property=\"og:image:type\" content=\"image\/jpeg\" \/>\n<meta name=\"author\" content=\"Reda\u00e7\u00e3o Beduka (a)\" \/>\n<meta name=\"twitter:card\" content=\"summary_large_image\" \/>\n<meta name=\"twitter:label1\" content=\"Escrito por\" \/>\n\t<meta name=\"twitter:data1\" content=\"Reda\u00e7\u00e3o Beduka (a)\" \/>\n\t<meta name=\"twitter:label2\" content=\"Est. tempo de leitura\" \/>\n\t<meta name=\"twitter:data2\" content=\"11 minutos\" \/>\n<script type=\"application\/ld+json\" class=\"yoast-schema-graph\">{\"@context\":\"https:\/\/schema.org\",\"@graph\":[{\"@type\":\"Article\",\"@id\":\"https:\/\/beduka.com\/blog\/enem\/quem-pode-fazer-o-enem\/#article\",\"isPartOf\":{\"@id\":\"https:\/\/beduka.com\/blog\/enem\/quem-pode-fazer-o-enem\/\"},\"author\":{\"name\":\"Reda\u00e7\u00e3o Beduka (a)\",\"@id\":\"https:\/\/beduka.com\/blog\/#\/schema\/person\/325d912d2cb8dd9ede8ab291427d2b8a\"},\"headline\":\"Quem pode fazer o Enem? Descubra a resposta pra essa e outras d\u00favidas importantes!\",\"datePublished\":\"2019-08-02T17:44:26+00:00\",\"dateModified\":\"2024-05-13T19:53:24+00:00\",\"mainEntityOfPage\":{\"@id\":\"https:\/\/beduka.com\/blog\/enem\/quem-pode-fazer-o-enem\/\"},\"wordCount\":2157,\"commentCount\":2,\"publisher\":{\"@id\":\"https:\/\/beduka.com\/blog\/#organization\"},\"keywords\":[\"Enem\",\"Enem 2023\",\"Enem 2024\"],\"articleSection\":[\"Enem\"],\"inLanguage\":\"pt-BR\",\"potentialAction\":[{\"@type\":\"CommentAction\",\"name\":\"Comment\",\"target\":[\"https:\/\/beduka.com\/blog\/enem\/quem-pode-fazer-o-enem\/#respond\"]}]},{\"@type\":\"WebPage\",\"@id\":\"https:\/\/beduka.com\/blog\/enem\/quem-pode-fazer-o-enem\/\",\"url\":\"https:\/\/beduka.com\/blog\/enem\/quem-pode-fazer-o-enem\/\",\"name\":\"Quem pode fazer o Enem 2024? Descubra todos os detalhes aqui!\",\"isPartOf\":{\"@id\":\"https:\/\/beduka.com\/blog\/#website\"},\"datePublished\":\"2019-08-02T17:44:26+00:00\",\"dateModified\":\"2024-05-13T19:53:24+00:00\",\"description\":\"Quem pode fazer o Enem 2024? Veja os detalhes da inscri\u00e7\u00e3o para alunos de escolas p\u00fablicas e privadas, detentos, idosos, gr\u00e1vidas, pacientes e etc.\",\"breadcrumb\":{\"@id\":\"https:\/\/beduka.com\/blog\/enem\/quem-pode-fazer-o-enem\/#breadcrumb\"},\"inLanguage\":\"pt-BR\",\"potentialAction\":[{\"@type\":\"ReadAction\",\"target\":[\"https:\/\/beduka.com\/blog\/enem\/quem-pode-fazer-o-enem\/\"]}]},{\"@type\":\"BreadcrumbList\",\"@id\":\"https:\/\/beduka.com\/blog\/enem\/quem-pode-fazer-o-enem\/#breadcrumb\",\"itemListElement\":[{\"@type\":\"ListItem\",\"position\":1,\"name\":\"Home\",\"item\":\"https:\/\/beduka.com\/blog\/\"},{\"@type\":\"ListItem\",\"position\":2,\"name\":\"Quem pode fazer o Enem? Descubra a resposta pra essa e outras d\u00favidas importantes!\"}]},{\"@type\":\"WebSite\",\"@id\":\"https:\/\/beduka.com\/blog\/#website\",\"url\":\"https:\/\/beduka.com\/blog\/\",\"name\":\"Blog do Beduka | Mat\u00e9rias resumidas, Dicas e Exerc\u00edcios Enem\",\"description\":\"O Blog do Beduka tem os conte\u00fados que mais caem no Enem, exerc\u00edcios de vestibular com gabarito, resumos, dicas e informa\u00e7\u00f5es Sisu, Prouni e Fies.Encontre dicas para o ENEM, resumos, exerc\u00edcios e informa\u00e7\u00f5es sobre os vestibulares. Acesse agora!\",\"publisher\":{\"@id\":\"https:\/\/beduka.com\/blog\/#organization\"},\"potentialAction\":[{\"@type\":\"SearchAction\",\"target\":{\"@type\":\"EntryPoint\",\"urlTemplate\":\"https:\/\/beduka.com\/blog\/?s={search_term_string}\"},\"query-input\":\"required name=search_term_string\"}],\"inLanguage\":\"pt-BR\"},{\"@type\":\"Organization\",\"@id\":\"https:\/\/beduka.com\/blog\/#organization\",\"name\":\"Beduka\",\"url\":\"https:\/\/beduka.com\/blog\/\",\"logo\":{\"@type\":\"ImageObject\",\"inLanguage\":\"pt-BR\",\"@id\":\"https:\/\/beduka.com\/blog\/#\/schema\/logo\/image\/\",\"url\":\"https:\/\/beduka.com\/blog\/wp-content\/uploads\/2020\/06\/marca-beduka.png\",\"contentUrl\":\"https:\/\/beduka.com\/blog\/wp-content\/uploads\/2020\/06\/marca-beduka.png\",\"width\":1077,\"height\":368,\"caption\":\"Beduka\"},\"image\":{\"@id\":\"https:\/\/beduka.com\/blog\/#\/schema\/logo\/image\/\"},\"sameAs\":[\"https:\/\/www.facebook.com\/beduka.buscadordefaculdades\/\",\"https:\/\/www.instagram.com\/beduka_oficial\/\",\"https:\/\/www.linkedin.com\/company\/beduka\",\"https:\/\/br.pinterest.com\/bedukaoficial\/\",\"https:\/\/www.youtube.com\/beduka\"]},{\"@type\":\"Person\",\"@id\":\"https:\/\/beduka.com\/blog\/#\/schema\/person\/325d912d2cb8dd9ede8ab291427d2b8a\",\"name\":\"Reda\u00e7\u00e3o Beduka (a)\",\"image\":{\"@type\":\"ImageObject\",\"inLanguage\":\"pt-BR\",\"@id\":\"https:\/\/beduka.com\/blog\/#\/schema\/person\/image\/\",\"url\":\"https:\/\/secure.gravatar.com\/avatar\/6f58a181ef24e0dc0bb73f096aa0f8b5?s=96&d=mm&r=g\",\"contentUrl\":\"https:\/\/secure.gravatar.com\/avatar\/6f58a181ef24e0dc0bb73f096aa0f8b5?s=96&d=mm&r=g\",\"caption\":\"Reda\u00e7\u00e3o Beduka (a)\"},\"description\":\"Este conte\u00fado foi criado e validado por uma equipe multidisciplinar, formada por especialistas em cada \u00e1rea do conhecimento. O Beduka est\u00e1 presente no Instagram, YouTube, LinkedIn e em diversos outros ambientes digitais. O site foi criado em 2017 e, desde a sua funda\u00e7\u00e3o, atua para fornecer materiais de qualidade para facilitar a vida de estudantes de todo o Brasil, ajudando-os a se preparar para os principais vestibulares e o Enem.\",\"sameAs\":[\"https:\/\/www.facebook.com\/beduka.buscadordefaculdades\",\"https:\/\/www.instagram.com\/beduka_oficial\/\",\"https:\/\/br.pinterest.com\/bedukaoficial\/\"],\"url\":\"https:\/\/beduka.com\/blog\/author\/admin\/\"}]}<\/script>\n<!-- \/ Yoast SEO plugin. -->","yoast_head_json":{"title":"Quem pode fazer o Enem 2024? Descubra todos os detalhes aqui!","description":"Quem pode fazer o Enem 2024? Veja os detalhes da inscri\u00e7\u00e3o para alunos de escolas p\u00fablicas e privadas, detentos, idosos, gr\u00e1vidas, pacientes e etc.","robots":{"index":"index","follow":"follow","max-snippet":"max-snippet:-1","max-image-preview":"max-image-preview:large","max-video-preview":"max-video-preview:-1"},"canonical":"https:\/\/beduka.com\/blog\/enem\/quem-pode-fazer-o-enem\/","og_locale":"pt_BR","og_type":"article","og_title":"Quem pode fazer o Enem 2024? Descubra todos os detalhes aqui!","og_description":"Quem pode fazer o Enem 2024? Veja os detalhes da inscri\u00e7\u00e3o para alunos de escolas p\u00fablicas e privadas, detentos, idosos, gr\u00e1vidas, pacientes e etc.","og_url":"https:\/\/beduka.com\/blog\/enem\/quem-pode-fazer-o-enem\/","og_site_name":"Blog do Beduka | Mat\u00e9rias resumidas, Dicas e Exerc\u00edcios Enem","article_publisher":"https:\/\/www.facebook.com\/beduka.buscadordefaculdades\/","article_author":"https:\/\/www.facebook.com\/beduka.buscadordefaculdades","article_published_time":"2019-08-02T17:44:26+00:00","article_modified_time":"2024-05-13T19:53:24+00:00","og_image":[{"width":609,"height":342,"url":"https:\/\/beduka.com\/blog\/wp-content\/uploads\/2019\/08\/quem-pode-fazer-o-enem-1.jpg","type":"image\/jpeg"}],"author":"Reda\u00e7\u00e3o Beduka (a)","twitter_card":"summary_large_image","twitter_misc":{"Escrito por":"Reda\u00e7\u00e3o Beduka (a)","Est. tempo de leitura":"11 minutos"},"schema":{"@context":"https:\/\/schema.org","@graph":[{"@type":"Article","@id":"https:\/\/beduka.com\/blog\/enem\/quem-pode-fazer-o-enem\/#article","isPartOf":{"@id":"https:\/\/beduka.com\/blog\/enem\/quem-pode-fazer-o-enem\/"},"author":{"name":"Reda\u00e7\u00e3o Beduka (a)","@id":"https:\/\/beduka.com\/blog\/#\/schema\/person\/325d912d2cb8dd9ede8ab291427d2b8a"},"headline":"Quem pode fazer o Enem? Descubra a resposta pra essa e outras d\u00favidas importantes!","datePublished":"2019-08-02T17:44:26+00:00","dateModified":"2024-05-13T19:53:24+00:00","mainEntityOfPage":{"@id":"https:\/\/beduka.com\/blog\/enem\/quem-pode-fazer-o-enem\/"},"wordCount":2157,"commentCount":2,"publisher":{"@id":"https:\/\/beduka.com\/blog\/#organization"},"keywords":["Enem","Enem 2023","Enem 2024"],"articleSection":["Enem"],"inLanguage":"pt-BR","potentialAction":[{"@type":"CommentAction","name":"Comment","target":["https:\/\/beduka.com\/blog\/enem\/quem-pode-fazer-o-enem\/#respond"]}]},{"@type":"WebPage","@id":"https:\/\/beduka.com\/blog\/enem\/quem-pode-fazer-o-enem\/","url":"https:\/\/beduka.com\/blog\/enem\/quem-pode-fazer-o-enem\/","name":"Quem pode fazer o Enem 2024? Descubra todos os detalhes aqui!","isPartOf":{"@id":"https:\/\/beduka.com\/blog\/#website"},"datePublished":"2019-08-02T17:44:26+00:00","dateModified":"2024-05-13T19:53:24+00:00","description":"Quem pode fazer o Enem 2024? Veja os detalhes da inscri\u00e7\u00e3o para alunos de escolas p\u00fablicas e privadas, detentos, idosos, gr\u00e1vidas, pacientes e etc.","breadcrumb":{"@id":"https:\/\/beduka.com\/blog\/enem\/quem-pode-fazer-o-enem\/#breadcrumb"},"inLanguage":"pt-BR","potentialAction":[{"@type":"ReadAction","target":["https:\/\/beduka.com\/blog\/enem\/quem-pode-fazer-o-enem\/"]}]},{"@type":"BreadcrumbList","@id":"https:\/\/beduka.com\/blog\/enem\/quem-pode-fazer-o-enem\/#breadcrumb","itemListElement":[{"@type":"ListItem","position":1,"name":"Home","item":"https:\/\/beduka.com\/blog\/"},{"@type":"ListItem","position":2,"name":"Quem pode fazer o Enem? Descubra a resposta pra essa e outras d\u00favidas importantes!"}]},{"@type":"WebSite","@id":"https:\/\/beduka.com\/blog\/#website","url":"https:\/\/beduka.com\/blog\/","name":"Blog do Beduka | Mat\u00e9rias resumidas, Dicas e Exerc\u00edcios Enem","description":"O Blog do Beduka tem os conte\u00fados que mais caem no Enem, exerc\u00edcios de vestibular com gabarito, resumos, dicas e informa\u00e7\u00f5es Sisu, Prouni e Fies.Encontre dicas para o ENEM, resumos, exerc\u00edcios e informa\u00e7\u00f5es sobre os vestibulares. Acesse agora!","publisher":{"@id":"https:\/\/beduka.com\/blog\/#organization"},"potentialAction":[{"@type":"SearchAction","target":{"@type":"EntryPoint","urlTemplate":"https:\/\/beduka.com\/blog\/?s={search_term_string}"},"query-input":"required name=search_term_string"}],"inLanguage":"pt-BR"},{"@type":"Organization","@id":"https:\/\/beduka.com\/blog\/#organization","name":"Beduka","url":"https:\/\/beduka.com\/blog\/","logo":{"@type":"ImageObject","inLanguage":"pt-BR","@id":"https:\/\/beduka.com\/blog\/#\/schema\/logo\/image\/","url":"https:\/\/beduka.com\/blog\/wp-content\/uploads\/2020\/06\/marca-beduka.png","contentUrl":"https:\/\/beduka.com\/blog\/wp-content\/uploads\/2020\/06\/marca-beduka.png","width":1077,"height":368,"caption":"Beduka"},"image":{"@id":"https:\/\/beduka.com\/blog\/#\/schema\/logo\/image\/"},"sameAs":["https:\/\/www.facebook.com\/beduka.buscadordefaculdades\/","https:\/\/www.instagram.com\/beduka_oficial\/","https:\/\/www.linkedin.com\/company\/beduka","https:\/\/br.pinterest.com\/bedukaoficial\/","https:\/\/www.youtube.com\/beduka"]},{"@type":"Person","@id":"https:\/\/beduka.com\/blog\/#\/schema\/person\/325d912d2cb8dd9ede8ab291427d2b8a","name":"Reda\u00e7\u00e3o Beduka (a)","image":{"@type":"ImageObject","inLanguage":"pt-BR","@id":"https:\/\/beduka.com\/blog\/#\/schema\/person\/image\/","url":"https:\/\/secure.gravatar.com\/avatar\/6f58a181ef24e0dc0bb73f096aa0f8b5?s=96&d=mm&r=g","contentUrl":"https:\/\/secure.gravatar.com\/avatar\/6f58a181ef24e0dc0bb73f096aa0f8b5?s=96&d=mm&r=g","caption":"Reda\u00e7\u00e3o Beduka (a)"},"description":"Este conte\u00fado foi criado e validado por uma equipe multidisciplinar, formada por especialistas em cada \u00e1rea do conhecimento. O Beduka est\u00e1 presente no Instagram, YouTube, LinkedIn e em diversos outros ambientes digitais. O site foi criado em 2017 e, desde a sua funda\u00e7\u00e3o, atua para fornecer materiais de qualidade para facilitar a vida de estudantes de todo o Brasil, ajudando-os a se preparar para os principais vestibulares e o Enem.","sameAs":["https:\/\/www.facebook.com\/beduka.buscadordefaculdades","https:\/\/www.instagram.com\/beduka_oficial\/","https:\/\/br.pinterest.com\/bedukaoficial\/"],"url":"https:\/\/beduka.com\/blog\/author\/admin\/"}]}},"_links":{"self":[{"href":"https:\/\/beduka.com\/blog\/wp-json\/wp\/v2\/posts\/9859"}],"collection":[{"href":"https:\/\/beduka.com\/blog\/wp-json\/wp\/v2\/posts"}],"about":[{"href":"https:\/\/beduka.com\/blog\/wp-json\/wp\/v2\/types\/post"}],"author":[{"embeddable":true,"href":"https:\/\/beduka.com\/blog\/wp-json\/wp\/v2\/users\/1"}],"replies":[{"embeddable":true,"href":"https:\/\/beduka.com\/blog\/wp-json\/wp\/v2\/comments?post=9859"}],"version-history":[{"count":14,"href":"https:\/\/beduka.com\/blog\/wp-json\/wp\/v2\/posts\/9859\/revisions"}],"predecessor-version":[{"id":32821,"href":"https:\/\/beduka.com\/blog\/wp-json\/wp\/v2\/posts\/9859\/revisions\/32821"}],"wp:featuredmedia":[{"embeddable":true,"href":"https:\/\/beduka.com\/blog\/wp-json\/wp\/v2\/media\/24863"}],"wp:attachment":[{"href":"https:\/\/beduka.com\/blog\/wp-json\/wp\/v2\/media?parent=9859"}],"wp:term":[{"taxonomy":"category","embeddable":true,"href":"https:\/\/beduka.com\/blog\/wp-json\/wp\/v2\/categories?post=9859"},{"taxonomy":"post_tag","embeddable":true,"href":"https:\/\/beduka.com\/blog\/wp-json\/wp\/v2\/tags?post=9859"}],"curies":[{"name":"wp","href":"https:\/\/api.w.org\/{rel}","templated":true}]}}