{"id":9894,"date":"2019-08-02T16:16:38","date_gmt":"2019-08-02T19:16:38","guid":{"rendered":"https:\/\/beduka.com\/blog\/?p=9894"},"modified":"2023-10-05T14:56:51","modified_gmt":"2023-10-05T17:56:51","slug":"temas-de-redacao-enem","status":"publish","type":"post","link":"https:\/\/beduka.com\/blog\/enem\/temas-de-redacao-enem\/","title":{"rendered":"Temas de reda\u00e7\u00e3o para o Enem 2023"},"content":{"rendered":"\n<blockquote class=\"wp-block-quote\"><p><strong><em>Nesse artigo listamos os poss\u00edveis temas para a reda\u00e7\u00e3o do Enem 2023! Saiba quais s\u00e3o os nossos palpites e se prepare para cada um deles. Dessa forma, se for um desses temas, voc\u00ea se sentir\u00e1 mais seguro.<\/em><\/strong><\/p><\/blockquote>\n\n\n\n<p>A reda\u00e7\u00e3o do Enem \u00e9 a parte da prova que mais assusta os estudantes, principalmente porque <strong>s\u00f3 \u00e9 poss\u00edvel saber o tema dela na hora da prova.<\/strong> Mesmo que voc\u00ea j\u00e1 tenha treinado muito, \u00e9 poss\u00edvel que voc\u00ea ainda sinta um pouco de ansiedade por isso.<\/p>\n\n\n\n<p><strong>Apesar dele s\u00f3 ser divulgado na hora da prova<\/strong>, <strong>se voc\u00ea analisar as edi\u00e7\u00f5es anteriores do Exame, voc\u00ea conseguir\u00e1 notar que a tem\u00e1tica central se repete<\/strong>. Sempre se pede uma an\u00e1lise de um conte\u00fado com<strong> foco social<\/strong>, debatido pela sociedade.<\/p>\n\n\n\n<p>Dessa forma, o Beduka preparou uma lista com alguns poss\u00edveis temas de reda\u00e7\u00e3o para o Enem! Confira quais s\u00e3o eles, quais pontos devem aparecer na abordagem e <strong>treine com esses temas!<\/strong><\/p>\n\n\n\n<ul><li><a rel=\"noreferrer noopener\" aria-label=\" (abre numa nova aba)\" href=\"https:\/\/beduka.com\/blog\/materias\/redacao\/redacao-dissertativa-argumentativa\/\" target=\"_blank\">Guia completo de como fazer uma reda\u00e7\u00e3o dissertativa argumentativa &#8211; ENEM<\/a><\/li><\/ul>\n\n\n\n<h2 class=\"wp-block-heading\">Temas de reda\u00e7\u00e3o para o Enem 2023<\/h2>\n\n\n\n<p>A reda\u00e7\u00e3o \u00e9 uma parte muito importante do Enem, j\u00e1 que ela corresponde \u00e0 um total de <strong>20% da prova<\/strong>, ou seja, \u00e9 uma mat\u00e9ria que o estudante precisa focar bastante para conseguir uma boa nota final. <\/p>\n\n\n\n<p>\u00c9 importante lembrar tamb\u00e9m que <strong>zerar a reda\u00e7\u00e3o faz com que o candidato n\u00e3o possa participar de alguns programas como o Prouni e o Fies<\/strong>. <\/p>\n\n\n\n<p>Pensando nisso, o Beduka preparou 15 poss\u00edveis temas de reda\u00e7\u00e3o para o Enem. Dessa forma, se algum deles for o real tema da reda\u00e7\u00e3o, voc\u00ea se sentir\u00e1 mais confiante na hora da prova.<\/p>\n\n\n\n<p>Poss\u00edveis temas para a reda\u00e7\u00e3o do Enem:<\/p>\n\n\n\n<ol><li>Import\u00e2ncia da vacina\u00e7\u00e3o<\/li><li>Doa\u00e7\u00e3o de \u00f3rg\u00e3os<\/li><li>Transtornos psicol\u00f3gicos e suic\u00eddio<\/li><li>Sistema prisional brasileiro<\/li><li>Mobilidade urbana<\/li><li>Porte de armas&nbsp;<\/li><li>Crise no sistema h\u00eddrico brasileiro<\/li><li>Fake news<\/li><li>Consequ\u00eancias da pirataria<\/li><li>Trabalho escravo contempor\u00e2neo<\/li><li>Educa\u00e7\u00e3o domiciliar<\/li><li>Ensino a dist\u00e2ncia<\/li><li>Viol\u00eancia digital<\/li><li>Ado\u00e7\u00e3o<\/li><\/ol>\n\n\n\n<p>Abaixo vamos falar um pouco mais sobre cada um deles!<\/p>\n\n\n\n<ul><li>Voc\u00ea pode se preparar para o Enem com o <a rel=\"noreferrer noopener\" href=\"https:\/\/beduka.com\/simulado\/#\/\" target=\"_blank\">Simulado do Beduka<\/a>. \u00c9 gr\u00e1tis!<\/li><\/ul>\n\n\n\n<h2 class=\"wp-block-heading\">1. Tema de reda\u00e7\u00e3o Enem: <br>Import\u00e2ncia da vacina\u00e7\u00e3o<\/h2>\n\n\n\n<p>Nos \u00faltimos anos, algumas doen\u00e7as que estavam erradicadas ou sob controle voltaram a aparecer no Brasil e no mundo. Al\u00e9m da volta de algumas doen\u00e7as, a cobertura vacinal no Brasil tamb\u00e9m diminuiu.&nbsp;<\/p>\n\n\n\n<p>Essa redu\u00e7\u00e3o \u00e9 muito problem\u00e1tica, pois as campanhas de vacina\u00e7\u00e3o acabam n\u00e3o sendo efetivas se nem todas as pessoas se vacinaram. Essa redu\u00e7\u00e3o vem acontecendo, principalmente, devido \u00e0 alguns rumores de que as vacinas podem causar autismo nas crian\u00e7as pelas altas concentra\u00e7\u00f5es de metais pesados. <\/p>\n\n\n\n<p>Esse \u00e9 um tema muito importante, pois o movimento antivacina cresceu muito nos \u00faltimos temas e a vacina\u00e7\u00e3o tem sido, constantemente, debatida pela sociedade em geral.<\/p>\n\n\n\n<ul><li>Al\u00e9m disso, te contamos sobre as <a rel=\"noreferrer noopener\" href=\"https:\/\/beduka.com\/blog\/enem\/assuntos-mais-caem-enem\/\" target=\"_blank\">mat\u00e9rias que caem no ENEM<\/a>, os <a rel=\"noreferrer noopener\" href=\"https:\/\/beduka.com\/blog\/enem\/qual-e-o-dia-do-enem\/\" target=\"_blank\">dias da prova<\/a> e <a rel=\"noreferrer noopener\" href=\"https:\/\/beduka.com\/blog\/enem\/como-se-inscrever-no-enem\/\" target=\"_blank\">como se inscrever<\/a>!<\/li><\/ul>\n\n\n\n<h2 class=\"wp-block-heading\">2. Tema de reda\u00e7\u00e3o Enem: <br>Doa\u00e7\u00e3o de \u00f3rg\u00e3os\u00a0<\/h2>\n\n\n\n<p>Atualmente, mais de 40 mil pessoas no Brasil esperam na fila por um transplante de \u00f3rg\u00e3os. Muitas dessas pessoas acabam falecendo antes de conseguirem um. Esse \u00e9 um tema muito importante e que deve ser tratado na sociedade brasileira.<\/p>\n\n\n\n<p>\u00c9 importante mencionar alguns dos motivos para a dificuldade de se conseguir um transplante ou uma doa\u00e7\u00e3o de \u00f3rg\u00e3o atualmente: o principal deles \u00e9 o fato de que as fam\u00edlias dos potenciais doadores n\u00e3o autorizam essa doa\u00e7\u00e3o de \u00f3rg\u00e3os. <\/p>\n\n\n\n<p>Outro fator que acaba atrapalhando \u00e9 a log\u00edstica de transporte e conserva\u00e7\u00e3o desses \u00f3rg\u00e3os.<\/p>\n\n\n\n<p>Esses fatores, fazem com que esse seja um problema social muito importante e que pode ser tema da reda\u00e7\u00e3o do Enem 2023. Para resolv\u00ea-lo, o mais importante \u00e9 conscientizar as pessoas sobre a import\u00e2ncia da doa\u00e7\u00e3o de \u00f3rg\u00e3os. <\/p>\n\n\n\n<p>At\u00e9 porque, pode ocorrer alguns conflitos como a pessoa em vida manifestar vontade de doar seus \u00f3rg\u00e3os, mas quando ela vem a falecer a fam\u00edlia acaba n\u00e3o autorizando, principalmente devido \u00e0 desinforma\u00e7\u00e3o.<\/p>\n\n\n\n<h2 class=\"wp-block-heading\">3. Tema de reda\u00e7\u00e3o Enem: <br>Depress\u00e3o e suic\u00eddio<\/h2>\n\n\n\n<p>Outro tema de reda\u00e7\u00e3o de reda\u00e7\u00e3o que tem grandes chances de cair no Enem \u00e9 sobre depress\u00e3o e suic\u00eddio. A depress\u00e3o \u00e9 uma doen\u00e7a que afeta cerca de 320 milh\u00f5es de pessoas no mundo, de acordo com a OMS. <\/p>\n\n\n\n<p>No Brasil, cerca de 11,5 milh\u00f5es de pessoas sofrem com essa doen\u00e7a, ou seja, 5,8% da popula\u00e7\u00e3o. Nosso pa\u00eds \u00e9 tamb\u00e9m o que possui maior preval\u00eancia de depress\u00e3o da Am\u00e9rica Latina.<\/p>\n\n\n\n<p>Esses dados s\u00e3o extremamente preocupantes, ainda mais se formos considerar as estat\u00edsticas de morte por suic\u00eddio &#8211; normalmente, causada pela depress\u00e3o. <\/p>\n\n\n\n<p>Em 2015, 788 mil pessoas morreram por suic\u00eddio. Isso representou quase 1,5% de todas as mortes no mundo, figurando entre as 20 maiores causas de morte daquele ano. Entre jovens de 15 a 29 anos, o suic\u00eddio foi a segunda maior causa de morte em 2015.<\/p>\n\n\n\n<h2 class=\"wp-block-heading\">4. Tema de reda\u00e7\u00e3o Enem: <br>Sistema prisional brasileiro<\/h2>\n\n\n\n<p>Os problemas que ocorrem dentro dos pres\u00eddios brasileiros t\u00eam grandes chances de se tornarem tema da reda\u00e7\u00e3o do Enem. O Brasil \u00e9 o terceiro pa\u00eds com mais n\u00fameros de pessoas encarceradas, contando com mais de 725 mil presos.<\/p>\n\n\n\n<p>Hoje, o nosso pa\u00eds possui 306 pessoas presas para cada 100 mil cidad\u00e3os, sendo que a m\u00e9dia mundial \u00e9 de 144 para cada 100 mil. Essa superlota\u00e7\u00e3o acaba causando brigas e rebeli\u00f5es dentro dos pres\u00eddios.<\/p>\n\n\n\n<p>Os \u00edndices de criminalidade s\u00f3 aumentam ano ap\u00f3s ano e a reincid\u00eancia de criminosos n\u00e3o baixou, o que indica que o sistema prisional n\u00e3o funciona como um agente de ressocializa\u00e7\u00e3o. <\/p>\n\n\n\n<p>Hoje, \u00e9 um sistema falido, que necessita de uma grande reforma na maneira de pensar e de agir dos agentes respons\u00e1veis por ele. E \u00e9 por isso que esse \u00e9 um tema que tem grandes chances de ser abordado na reda\u00e7\u00e3o do exame.<\/p>\n\n\n\n<h2 class=\"wp-block-heading\">5. Tema de reda\u00e7\u00e3o Enem: <br>Crise do sistema h\u00eddrico<\/h2>\n\n\n\n<p>A \u00e1gua \u00e9 o elemento mais importante para a sobreviv\u00eancia dos seres humanos. Apesar disso, ultimamente ocorre um desabastecimento cada vez maior de \u00e1gua pot\u00e1vel. Alguns fatores que causam isso s\u00e3o a polui\u00e7\u00e3o e as mudan\u00e7as clim\u00e1ticas.<\/p>\n\n\n\n<p>Os frequentes racionamentos em S\u00e3o Paulo e o j\u00e1 antigo problema de falta d\u2019\u00e1gua no Nordeste \u2013 mesmo o Brasil tendo a maior reserva de \u00e1gua doce do mundo \u2013 podem se tornar pauta da reda\u00e7\u00e3o do ENEM.<\/p>\n\n\n\n<p>Por isso, \u00e9 importante que se fale sobre investir na infraestrutura para distribui\u00e7\u00e3o da \u00e1gua e na tecnologia para reutiliza\u00e7\u00e3o e despolui\u00e7\u00e3o de rios e lagoas. Assim, voc\u00ea sair\u00e1 do \u00f3bvio e se dar\u00e1 bem na reda\u00e7\u00e3o se esse for o tema.<\/p>\n\n\n\n<ul><li><a href=\"https:\/\/beduka.com\/blog\/materias\/geografia\/quais-sao-principais-rios-brasileiros\/\" target=\"_blank\" rel=\"noreferrer noopener\" aria-label=\" (abre numa nova aba)\">Saiba quais os principais rios brasileiros<\/a><\/li><\/ul>\n\n\n\n<h2 class=\"wp-block-heading\">6. Tema de reda\u00e7\u00e3o Enem: <br>Mobilidade Urbana<\/h2>\n\n\n\n<p>Nosso sexto palpite dentre os poss\u00edveis temas de reda\u00e7\u00e3o do Enem 2023 \u00e9 o da mobilidade urbana, que \u00e9 um tema recorrente nos concursos nos \u00faltimos anos e \u00e9 sempre um tema atual no Brasil. <\/p>\n\n\n\n<p>Considerada como um dos principais desafios das grandes cidades do pa\u00eds, a malha de transportes p\u00fablicos prec\u00e1ria, aliada ao crescimento exponencial da quantidade de ve\u00edculos particulares gera sempre grandes impasses na locomo\u00e7\u00e3o urbana.<\/p>\n\n\n\n<p>\u00c9 importante citar que h\u00e1 meios de transporte cada vez mais revolucion\u00e1rios e tecnol\u00f3gicos. Atualmente, h\u00e1, inclusive, novas formas de transporte que podem ser solicitadas por aplicativos de telefone, como as bicicletas e patinetes da empresa Yellow. <\/p>\n\n\n\n<p>Sem d\u00favidas, \u00e9 um tema vasto, que tem o potencial de gerar v\u00e1rios desdobramentos para a reda\u00e7\u00e3o do Enem.<\/p>\n\n\n\n<h2 class=\"wp-block-heading\">7. Tema de reda\u00e7\u00e3o Enem: <br>Porte de armas<\/h2>\n\n\n\n<p>Esse \u00e9 um tema pol\u00eamico, mas cheio de pontos de vista para a argumenta\u00e7\u00e3o. No Brasil, a discuss\u00e3o sobre o desarmamento voltou \u00e0 tona com tudo neste ano. O presidente eleito manifestou-se publicamente a favor de revogar o Estatuto do Desarmamento, o que pode ocorrer ainda em 2023.<\/p>\n\n\n\n<p>Temas mais pol\u00eamicos como esse pedem um posicionamento do estudante, ou seja, \u00e9 necess\u00e1rio que se fale se \u00e9 a favor ou contra a revoga\u00e7\u00e3o do Estatuto do Desarmamento e o porte de armas. Mais importante ainda \u00e9 dar argumentos e exemplos coerentes.<\/p>\n\n\n\n<ul><li><a href=\"https:\/\/beduka.com\/blog\/materias\/redacao\/o-que-nao-fazer-na-redacao-enem\/\" target=\"_blank\" rel=\"noreferrer noopener\" aria-label=\" (abre numa nova aba)\">Veja o que n\u00e3o fazer na reda\u00e7\u00e3o do Enem<\/a><\/li><\/ul>\n\n\n\n<h2 class=\"wp-block-heading\">8. Fake news<\/h2>\n\n\n\n<p>Fake news s\u00e3o not\u00edcias falsas que aparentam ser verdadeiras. Elas n\u00e3o s\u00e3o coisas completamente absurdas. Na verdade, uma fake news apresenta 2 informa\u00e7\u00f5es verdadeiras e o resto falsas, fazendo com que as pessoas acabem acreditando e tomando aquilo como verdade. <\/p>\n\n\n\n<p>As not\u00edcias falsas existem desde sempre, por\u00e9m o termo \u201cfake news\u201d se tornou mais comum em 2016, durante as elei\u00e7\u00f5es presidenciais dos Estados Unidos. <\/p>\n\n\n\n<p>As redes sociais foram o meio de informa\u00e7\u00e3o cuja credibilidade mais foi afetada pelas &#8220;fake news&#8221; (not\u00edcias fabricadas e muitas vezes divulgadas sob falsas fachadas de ve\u00edculos reais), mostra pesquisa da consultoria Kantar com 8.000 pessoas de quatro pa\u00edses: Brasil, Estados Unidos, Reino Unido e Fran\u00e7a.<\/p>\n\n\n\n<p>De cada 100 consumidores de not\u00edcias, 58 disseram ter menos confian\u00e7a no notici\u00e1rio pol\u00edtico e eleitoral visto em redes sociais, por causa das &#8220;fake news&#8221;.<\/p>\n\n\n\n<p>Levando em considera\u00e7\u00e3o a propor\u00e7\u00e3o que as fake news tomaram, inclusive no Brasil, esse \u00e9 um poss\u00edvel tema a ser debatido na reda\u00e7\u00e3o do Enem. <\/p>\n\n\n\n<ul><li><a href=\"https:\/\/beduka.com\/blog\/materias\/redacao\/como-fazer-conclusao-redacao-enem\/\" target=\"_blank\" rel=\"noreferrer noopener\" aria-label=\" (abre numa nova aba)\">Saiba como fazer a conclus\u00e3o da reda\u00e7\u00e3o do Enem<\/a><\/li><\/ul>\n\n\n\n<h2 class=\"wp-block-heading\">9. Consequ\u00eancias da pirataria<\/h2>\n\n\n\n<p>A produ\u00e7\u00e3o de produtos falsificados gera milh\u00f5es em preju\u00edzo e viola os direitos de compra e venda no com\u00e9rcio brasileiro. Essa esp\u00e9cie de corrup\u00e7\u00e3o vai desde as coisas mais b\u00e1sicas, como um filme ou uma m\u00fasica que voc\u00ea baixa, at\u00e9 r\u00e9plicas de joias, rel\u00f3gios e sapatos de marca que podem, por exemplo, serem vendidos como originais.<\/p>\n\n\n\n<p>Cerca de 2 milh\u00f5es de empregos deixam de ser gerados por ano por conta dessa atividade, por isso esse \u00e9 um assunto debatido pela sociedade e uma pauta t\u00e3o relevante, que pode se tornar tema de reda\u00e7\u00e3o do Enem.&nbsp;<\/p>\n\n\n\n<h2 class=\"wp-block-heading\">10. Trabalho escravo contempor\u00e2neo<\/h2>\n\n\n\n<p>O \u00faltimo poss\u00edvel tema de reda\u00e7\u00e3o para o Enem \u00e9 o trabalho escravo contempor\u00e2neo. Apesar da aboli\u00e7\u00e3o da escravatura no Brasil ter ocorrido em 1888, atualmente ainda existem pessoas que vivem em condi\u00e7\u00f5es an\u00e1logas \u00e0 escravid\u00e3o.&nbsp;<\/p>\n\n\n\n<p>De 1996 a 2003 mais de 50 mil pessoas foram libertadas de condi\u00e7\u00f5es de trabalho escravo. O trabalho escravo contempor\u00e2neo \u00e9 caracterizado por jornadas exaustivas de trabalho, trabalho for\u00e7ado, restri\u00e7\u00e3o de locomo\u00e7\u00e3o e trabalho por d\u00edvida.<\/p>\n\n\n\n<p>As pessoas que se encontram na situa\u00e7\u00e3o de trabalho escravo s\u00e3o, normalmente, analfabetas, t\u00eam baixa escolaridade e desconhecem as leis trabalhistas. Al\u00e9m disso, muitos imigrantes tamb\u00e9m s\u00e3o submetidos \u00e0 essa situa\u00e7\u00e3o.<\/p>\n\n\n\n<p>Devido ao fato desse problema ser t\u00e3o preocupante e ter propor\u00e7\u00f5es grandes, esse pode ser o tema da reda\u00e7\u00e3o do Enem.&nbsp;<\/p>\n\n\n\n<h2 class=\"wp-block-heading\">11. Educa\u00e7\u00e3o domiciliar<\/h2>\n\n\n\n<p>Esse assunto nunca foi muito debatido no Brasil, afinal, nas \u00faltima d\u00e9cadas nossa cultura sempre foi muito voltada para a educa\u00e7\u00e3o como garantia do Estado.<\/p>\n\n\n\n<p>Por\u00e9m, a elei\u00e7\u00e3o do atual presidente e a realidade da pandemia possibilitou trazer esse debate \u00e0 tona, e essa j\u00e1 era uma realidade oculta no Brasil. A educa\u00e7\u00e3o domiciliar \u00e9 mais antiga do que se imagina e tem mostrado resultados surpreendentes no pa\u00eds e fora dele.<\/p>\n\n\n\n<p>H\u00e1 toda uma pol\u00eamica em torno da forma\u00e7\u00e3o dos tutores domiciliares, da op\u00e7\u00e3o e liberdade pelo m\u00e9todo de ensino, das necessidades especiais e da socializa\u00e7\u00e3o. Por isso, \u00e9 importante pesquisar sobre fam\u00edlias que j\u00e1 adotam esse modelo de ensino e us\u00e1-las como exemplo de argumenta\u00e7\u00e3o.<\/p>\n\n\n\n<p>Al\u00e9m disso, recentemente uma brasileira que passou no vestibular da USP foi impedida de realizar matr\u00edcula por ter tido uma educa\u00e7\u00e3o domiciliar. Ela acabou recebendo uma vaga em um universidade americana, associada ao Vale do Sil\u00edcio, um dos maiores polos tecnol\u00f3gicos do mundo!<\/p>\n\n\n\n<p>Essa pol\u00eamica e outras recorrentes n\u00e3o eram t\u00e3o conhecidas, mas v\u00eam ganhando espa\u00e7o nas discuss\u00f5es. Por isso, pode ser um tema de reda\u00e7\u00e3o!<\/p>\n\n\n\n<h2 class=\"wp-block-heading\">12. Ensino a dist\u00e2ncia<\/h2>\n\n\n\n<p>O ensino a dist\u00e2ncia j\u00e1 era uma realidade no Brasil, mas era bem recente e com foco nas gradua\u00e7\u00f5es para estudantes que queriam conciliar com o trabalho.<\/p>\n\n\n\n<p>A realidade da pandemia da Covid-19 fez com que esse modelo de ensino fosse implantando obrigatoriamente e abruptamente em todo o pa\u00eds, para toda as idades escolares.<\/p>\n\n\n\n<p>H\u00e1 os que defendam os benef\u00edcios e os que apontam os malef\u00edcios, h\u00e1 os casos de necessidades e os de possibilidade. Aqui, \u00e9 importante levar em conta o porque desse modelo, sua utilidade, consequ\u00eancias e possibilidades de melhoria.<\/p>\n\n\n\n<h2 class=\"wp-block-heading\">13.Viol\u00eancia digital<\/h2>\n\n\n\n<p>Tamb\u00e9m conhecida como Cyberbulling, a viol\u00eancia digital j\u00e1 era debatida nos \u00faltimos anos mas ganhou mais destaque recentemente. Tanto pela pandemia quando pelos problemas pol\u00edticos, as pessoas come\u00e7aram a se expressar cada vez pelas redes sociais.<\/p>\n\n\n\n<p>Neste campo que aparenta ser de &#8220;qualquer um&#8221;, h\u00e1 casos de censuras e fake news. H\u00e1 quem se sinta \u00e0 vontade pela facilidade de se tornar an\u00f4nimo ou pela dist\u00e2ncia f\u00edsica, e come\u00e7a a ofender e divulgar agress\u00f5es sobre pessoas e grupos.<\/p>\n\n\n\n<p>H\u00e1 aqueles que usam da internet para manipular e aliciar pessoas para atividades ilegais, seja de qualquer idade. Esse \u00e9 um tema muito amplo que pode abordar diversas vis\u00f5es e situa\u00e7\u00f5es.<\/p>\n\n\n\n<p>Voc\u00ea j\u00e1 parou para refletir sobre isso? Assim como as formas de comunica\u00e7\u00e3o e express\u00e3o humanas s\u00e3o vastas, a viol\u00eancia tem ganhado mais espa\u00e7o no meio digital, que \u00e9 fluido.<\/p>\n\n\n\n<h2 class=\"wp-block-heading\">14. Ado\u00e7\u00e3o<\/h2>\n\n\n\n<p>Este \u00e9 um tema que sempre foi presente em alguns n\u00facleos sociais ou profiss\u00f5es, mas tem chegado no p\u00fablico escolar pela facilidade de difus\u00e3o de assuntos. Tamb\u00e9m pelas ideologias que trazem como uma de suas pautas, seja para grupos minorit\u00e1rios ou pela preocupa\u00e7\u00e3o com os elementos necess\u00e1rios \u00e0 uma completa forma\u00e7\u00e3o humana.<\/p>\n\n\n\n<p>Por tudo isso, esse \u00e9 um tema que sempre aparece como possibilidade. Ele mexe com v\u00e1rias quest\u00f5es sociais e diversos pontos de vista: causas, necessidade, import\u00e2ncia, consequ\u00eancias, direitos, etc.<\/p>\n\n\n\n<p>Gostou da nossa lista de temas de reda\u00e7\u00e3o para o Enem? Confira outros artigos do nosso blog e se prepare para o Enem da melhor maneira! Voc\u00ea tamb\u00e9m pode se organizar com o nosso<a rel=\"noreferrer noopener\" aria-label=\" (abre numa nova aba)\" href=\"https:\/\/beduka.com\/blog\/dicas\/enem-dicas\/plano-de-estudos-gratuito\/\" target=\"_blank\"> plano de estudos<\/a>, o mais completo da internet, e o melhor: totalmente gratuito!<\/p>\n\n\n\n<p>Queremos te ajudar a encontrar a <strong>FACULDADE IDEAL<\/strong>! Logo abaixo, fa\u00e7a uma pesquisa por curso e cidade que te mostraremos todas as faculdades que podem te atender. <strong>Informamos a nota de corte, valor de mensalidade, nota do MEC, avalia\u00e7\u00e3o dos alunos, modalidades de ensino e muito mais.<\/strong><br><\/p>\n\n\n\n<p>Experimente agora!<br><\/p>\n","protected":false},"excerpt":{"rendered":"<p>Nesse artigo listamos os poss\u00edveis temas para a reda\u00e7\u00e3o do Enem 2023! Saiba quais s\u00e3o os nossos palpites e se prepare para cada um deles. Dessa forma, se for um desses temas, voc\u00ea se sentir\u00e1 mais seguro. A reda\u00e7\u00e3o do Enem \u00e9 a parte da prova que mais assusta os estudantes, principalmente porque s\u00f3 \u00e9 [&hellip;]<\/p>\n","protected":false},"author":1,"featured_media":9895,"comment_status":"open","ping_status":"closed","sticky":false,"template":"","format":"standard","meta":{"_mi_skip_tracking":false,"_monsterinsights_sitenote_active":false,"_monsterinsights_sitenote_note":"","_monsterinsights_sitenote_category":0},"categories":[480],"tags":[532,1083,1665,1666,1086],"yoast_head":"<!-- This site is optimized with the Yoast SEO plugin v20.10 - https:\/\/yoast.com\/wordpress\/plugins\/seo\/ -->\n<title>Poss\u00edveis Temas de REDA\u00c7\u00c3O Enem 2023 [Top 10]<\/title>\n<meta name=\"description\" content=\"Listamos 10 poss\u00edveis temas de reda\u00e7\u00e3o para o Enem 2023! Confira quais s\u00e3o eles, veja onde buscar informa\u00e7\u00f5es e tenha seguran\u00e7a ao escrever sua disserta\u00e7\u00e3o.\" \/>\n<meta name=\"robots\" content=\"index, follow, max-snippet:-1, max-image-preview:large, max-video-preview:-1\" \/>\n<link rel=\"canonical\" href=\"https:\/\/beduka.com\/blog\/enem\/temas-de-redacao-enem\/\" \/>\n<meta property=\"og:locale\" content=\"pt_BR\" \/>\n<meta property=\"og:type\" content=\"article\" \/>\n<meta property=\"og:title\" content=\"Poss\u00edveis Temas de REDA\u00c7\u00c3O Enem 2023 [Top 10]\" \/>\n<meta property=\"og:description\" content=\"Listamos 10 poss\u00edveis temas de reda\u00e7\u00e3o para o Enem 2023! Confira quais s\u00e3o eles, veja onde buscar informa\u00e7\u00f5es e tenha seguran\u00e7a ao escrever sua disserta\u00e7\u00e3o.\" \/>\n<meta property=\"og:url\" content=\"https:\/\/beduka.com\/blog\/enem\/temas-de-redacao-enem\/\" \/>\n<meta property=\"og:site_name\" content=\"Blog do Beduka | Mat\u00e9rias resumidas, Dicas e Exerc\u00edcios Enem\" \/>\n<meta property=\"article:publisher\" content=\"https:\/\/www.facebook.com\/beduka.buscadordefaculdades\/\" \/>\n<meta property=\"article:author\" content=\"https:\/\/www.facebook.com\/beduka.buscadordefaculdades\" \/>\n<meta property=\"article:published_time\" content=\"2019-08-02T19:16:38+00:00\" \/>\n<meta property=\"article:modified_time\" content=\"2023-10-05T17:56:51+00:00\" \/>\n<meta property=\"og:image\" content=\"https:\/\/beduka.com\/blog\/wp-content\/uploads\/2019\/08\/Temas-de-reda\u00e7\u00e3o-para-o-Enem.jpg\" \/>\n\t<meta property=\"og:image:width\" content=\"600\" \/>\n\t<meta property=\"og:image:height\" content=\"300\" \/>\n\t<meta property=\"og:image:type\" content=\"image\/jpeg\" \/>\n<meta name=\"author\" content=\"Reda\u00e7\u00e3o Beduka (a)\" \/>\n<meta name=\"twitter:card\" content=\"summary_large_image\" \/>\n<meta name=\"twitter:label1\" content=\"Escrito por\" \/>\n\t<meta name=\"twitter:data1\" content=\"Reda\u00e7\u00e3o Beduka (a)\" \/>\n\t<meta name=\"twitter:label2\" content=\"Est. tempo de leitura\" \/>\n\t<meta name=\"twitter:data2\" content=\"12 minutos\" \/>\n<script type=\"application\/ld+json\" class=\"yoast-schema-graph\">{\"@context\":\"https:\/\/schema.org\",\"@graph\":[{\"@type\":\"Article\",\"@id\":\"https:\/\/beduka.com\/blog\/enem\/temas-de-redacao-enem\/#article\",\"isPartOf\":{\"@id\":\"https:\/\/beduka.com\/blog\/enem\/temas-de-redacao-enem\/\"},\"author\":{\"name\":\"Reda\u00e7\u00e3o Beduka (a)\",\"@id\":\"https:\/\/beduka.com\/blog\/#\/schema\/person\/325d912d2cb8dd9ede8ab291427d2b8a\"},\"headline\":\"Temas de reda\u00e7\u00e3o para o Enem 2023\",\"datePublished\":\"2019-08-02T19:16:38+00:00\",\"dateModified\":\"2023-10-05T17:56:51+00:00\",\"mainEntityOfPage\":{\"@id\":\"https:\/\/beduka.com\/blog\/enem\/temas-de-redacao-enem\/\"},\"wordCount\":2506,\"commentCount\":8,\"publisher\":{\"@id\":\"https:\/\/beduka.com\/blog\/#organization\"},\"keywords\":[\"Enem\",\"enem 2019\",\"Enem 2023\",\"Enem 2024\",\"temas de reda\u00e7\u00e3o\"],\"articleSection\":[\"Enem\"],\"inLanguage\":\"pt-BR\",\"potentialAction\":[{\"@type\":\"CommentAction\",\"name\":\"Comment\",\"target\":[\"https:\/\/beduka.com\/blog\/enem\/temas-de-redacao-enem\/#respond\"]}]},{\"@type\":\"WebPage\",\"@id\":\"https:\/\/beduka.com\/blog\/enem\/temas-de-redacao-enem\/\",\"url\":\"https:\/\/beduka.com\/blog\/enem\/temas-de-redacao-enem\/\",\"name\":\"Poss\u00edveis Temas de REDA\u00c7\u00c3O Enem 2023 [Top 10]\",\"isPartOf\":{\"@id\":\"https:\/\/beduka.com\/blog\/#website\"},\"datePublished\":\"2019-08-02T19:16:38+00:00\",\"dateModified\":\"2023-10-05T17:56:51+00:00\",\"description\":\"Listamos 10 poss\u00edveis temas de reda\u00e7\u00e3o para o Enem 2023! Confira quais s\u00e3o eles, veja onde buscar informa\u00e7\u00f5es e tenha seguran\u00e7a ao escrever sua disserta\u00e7\u00e3o.\",\"breadcrumb\":{\"@id\":\"https:\/\/beduka.com\/blog\/enem\/temas-de-redacao-enem\/#breadcrumb\"},\"inLanguage\":\"pt-BR\",\"potentialAction\":[{\"@type\":\"ReadAction\",\"target\":[\"https:\/\/beduka.com\/blog\/enem\/temas-de-redacao-enem\/\"]}]},{\"@type\":\"BreadcrumbList\",\"@id\":\"https:\/\/beduka.com\/blog\/enem\/temas-de-redacao-enem\/#breadcrumb\",\"itemListElement\":[{\"@type\":\"ListItem\",\"position\":1,\"name\":\"Home\",\"item\":\"https:\/\/beduka.com\/blog\/\"},{\"@type\":\"ListItem\",\"position\":2,\"name\":\"Temas de reda\u00e7\u00e3o para o Enem 2023\"}]},{\"@type\":\"WebSite\",\"@id\":\"https:\/\/beduka.com\/blog\/#website\",\"url\":\"https:\/\/beduka.com\/blog\/\",\"name\":\"Blog do Beduka | Mat\u00e9rias resumidas, Dicas e Exerc\u00edcios Enem\",\"description\":\"O Blog do Beduka tem os conte\u00fados que mais caem no Enem, exerc\u00edcios de vestibular com gabarito, resumos, dicas e informa\u00e7\u00f5es Sisu, Prouni e Fies.Encontre dicas para o ENEM, resumos, exerc\u00edcios e informa\u00e7\u00f5es sobre os vestibulares. Acesse agora!\",\"publisher\":{\"@id\":\"https:\/\/beduka.com\/blog\/#organization\"},\"potentialAction\":[{\"@type\":\"SearchAction\",\"target\":{\"@type\":\"EntryPoint\",\"urlTemplate\":\"https:\/\/beduka.com\/blog\/?s={search_term_string}\"},\"query-input\":\"required name=search_term_string\"}],\"inLanguage\":\"pt-BR\"},{\"@type\":\"Organization\",\"@id\":\"https:\/\/beduka.com\/blog\/#organization\",\"name\":\"Beduka\",\"url\":\"https:\/\/beduka.com\/blog\/\",\"logo\":{\"@type\":\"ImageObject\",\"inLanguage\":\"pt-BR\",\"@id\":\"https:\/\/beduka.com\/blog\/#\/schema\/logo\/image\/\",\"url\":\"https:\/\/beduka.com\/blog\/wp-content\/uploads\/2020\/06\/marca-beduka.png\",\"contentUrl\":\"https:\/\/beduka.com\/blog\/wp-content\/uploads\/2020\/06\/marca-beduka.png\",\"width\":1077,\"height\":368,\"caption\":\"Beduka\"},\"image\":{\"@id\":\"https:\/\/beduka.com\/blog\/#\/schema\/logo\/image\/\"},\"sameAs\":[\"https:\/\/www.facebook.com\/beduka.buscadordefaculdades\/\",\"https:\/\/www.instagram.com\/beduka_oficial\/\",\"https:\/\/www.linkedin.com\/company\/beduka\",\"https:\/\/br.pinterest.com\/bedukaoficial\/\",\"https:\/\/www.youtube.com\/beduka\"]},{\"@type\":\"Person\",\"@id\":\"https:\/\/beduka.com\/blog\/#\/schema\/person\/325d912d2cb8dd9ede8ab291427d2b8a\",\"name\":\"Reda\u00e7\u00e3o Beduka (a)\",\"image\":{\"@type\":\"ImageObject\",\"inLanguage\":\"pt-BR\",\"@id\":\"https:\/\/beduka.com\/blog\/#\/schema\/person\/image\/\",\"url\":\"https:\/\/secure.gravatar.com\/avatar\/6f58a181ef24e0dc0bb73f096aa0f8b5?s=96&d=mm&r=g\",\"contentUrl\":\"https:\/\/secure.gravatar.com\/avatar\/6f58a181ef24e0dc0bb73f096aa0f8b5?s=96&d=mm&r=g\",\"caption\":\"Reda\u00e7\u00e3o Beduka (a)\"},\"description\":\"Este conte\u00fado foi criado e validado por uma equipe multidisciplinar, formada por especialistas em cada \u00e1rea do conhecimento. O Beduka est\u00e1 presente no Instagram, YouTube, LinkedIn e em diversos outros ambientes digitais. O site foi criado em 2017 e, desde a sua funda\u00e7\u00e3o, atua para fornecer materiais de qualidade para facilitar a vida de estudantes de todo o Brasil, ajudando-os a se preparar para os principais vestibulares e o Enem.\",\"sameAs\":[\"https:\/\/www.facebook.com\/beduka.buscadordefaculdades\",\"https:\/\/www.instagram.com\/beduka_oficial\/\",\"https:\/\/br.pinterest.com\/bedukaoficial\/\"],\"url\":\"https:\/\/beduka.com\/blog\/author\/admin\/\"}]}<\/script>\n<!-- \/ Yoast SEO plugin. -->","yoast_head_json":{"title":"Poss\u00edveis Temas de REDA\u00c7\u00c3O Enem 2023 [Top 10]","description":"Listamos 10 poss\u00edveis temas de reda\u00e7\u00e3o para o Enem 2023! Confira quais s\u00e3o eles, veja onde buscar informa\u00e7\u00f5es e tenha seguran\u00e7a ao escrever sua disserta\u00e7\u00e3o.","robots":{"index":"index","follow":"follow","max-snippet":"max-snippet:-1","max-image-preview":"max-image-preview:large","max-video-preview":"max-video-preview:-1"},"canonical":"https:\/\/beduka.com\/blog\/enem\/temas-de-redacao-enem\/","og_locale":"pt_BR","og_type":"article","og_title":"Poss\u00edveis Temas de REDA\u00c7\u00c3O Enem 2023 [Top 10]","og_description":"Listamos 10 poss\u00edveis temas de reda\u00e7\u00e3o para o Enem 2023! Confira quais s\u00e3o eles, veja onde buscar informa\u00e7\u00f5es e tenha seguran\u00e7a ao escrever sua disserta\u00e7\u00e3o.","og_url":"https:\/\/beduka.com\/blog\/enem\/temas-de-redacao-enem\/","og_site_name":"Blog do Beduka | Mat\u00e9rias resumidas, Dicas e Exerc\u00edcios Enem","article_publisher":"https:\/\/www.facebook.com\/beduka.buscadordefaculdades\/","article_author":"https:\/\/www.facebook.com\/beduka.buscadordefaculdades","article_published_time":"2019-08-02T19:16:38+00:00","article_modified_time":"2023-10-05T17:56:51+00:00","og_image":[{"width":600,"height":300,"url":"https:\/\/beduka.com\/blog\/wp-content\/uploads\/2019\/08\/Temas-de-reda\u00e7\u00e3o-para-o-Enem.jpg","type":"image\/jpeg"}],"author":"Reda\u00e7\u00e3o Beduka (a)","twitter_card":"summary_large_image","twitter_misc":{"Escrito por":"Reda\u00e7\u00e3o Beduka (a)","Est. tempo de leitura":"12 minutos"},"schema":{"@context":"https:\/\/schema.org","@graph":[{"@type":"Article","@id":"https:\/\/beduka.com\/blog\/enem\/temas-de-redacao-enem\/#article","isPartOf":{"@id":"https:\/\/beduka.com\/blog\/enem\/temas-de-redacao-enem\/"},"author":{"name":"Reda\u00e7\u00e3o Beduka (a)","@id":"https:\/\/beduka.com\/blog\/#\/schema\/person\/325d912d2cb8dd9ede8ab291427d2b8a"},"headline":"Temas de reda\u00e7\u00e3o para o Enem 2023","datePublished":"2019-08-02T19:16:38+00:00","dateModified":"2023-10-05T17:56:51+00:00","mainEntityOfPage":{"@id":"https:\/\/beduka.com\/blog\/enem\/temas-de-redacao-enem\/"},"wordCount":2506,"commentCount":8,"publisher":{"@id":"https:\/\/beduka.com\/blog\/#organization"},"keywords":["Enem","enem 2019","Enem 2023","Enem 2024","temas de reda\u00e7\u00e3o"],"articleSection":["Enem"],"inLanguage":"pt-BR","potentialAction":[{"@type":"CommentAction","name":"Comment","target":["https:\/\/beduka.com\/blog\/enem\/temas-de-redacao-enem\/#respond"]}]},{"@type":"WebPage","@id":"https:\/\/beduka.com\/blog\/enem\/temas-de-redacao-enem\/","url":"https:\/\/beduka.com\/blog\/enem\/temas-de-redacao-enem\/","name":"Poss\u00edveis Temas de REDA\u00c7\u00c3O Enem 2023 [Top 10]","isPartOf":{"@id":"https:\/\/beduka.com\/blog\/#website"},"datePublished":"2019-08-02T19:16:38+00:00","dateModified":"2023-10-05T17:56:51+00:00","description":"Listamos 10 poss\u00edveis temas de reda\u00e7\u00e3o para o Enem 2023! Confira quais s\u00e3o eles, veja onde buscar informa\u00e7\u00f5es e tenha seguran\u00e7a ao escrever sua disserta\u00e7\u00e3o.","breadcrumb":{"@id":"https:\/\/beduka.com\/blog\/enem\/temas-de-redacao-enem\/#breadcrumb"},"inLanguage":"pt-BR","potentialAction":[{"@type":"ReadAction","target":["https:\/\/beduka.com\/blog\/enem\/temas-de-redacao-enem\/"]}]},{"@type":"BreadcrumbList","@id":"https:\/\/beduka.com\/blog\/enem\/temas-de-redacao-enem\/#breadcrumb","itemListElement":[{"@type":"ListItem","position":1,"name":"Home","item":"https:\/\/beduka.com\/blog\/"},{"@type":"ListItem","position":2,"name":"Temas de reda\u00e7\u00e3o para o Enem 2023"}]},{"@type":"WebSite","@id":"https:\/\/beduka.com\/blog\/#website","url":"https:\/\/beduka.com\/blog\/","name":"Blog do Beduka | Mat\u00e9rias resumidas, Dicas e Exerc\u00edcios Enem","description":"O Blog do Beduka tem os conte\u00fados que mais caem no Enem, exerc\u00edcios de vestibular com gabarito, resumos, dicas e informa\u00e7\u00f5es Sisu, Prouni e Fies.Encontre dicas para o ENEM, resumos, exerc\u00edcios e informa\u00e7\u00f5es sobre os vestibulares. Acesse agora!","publisher":{"@id":"https:\/\/beduka.com\/blog\/#organization"},"potentialAction":[{"@type":"SearchAction","target":{"@type":"EntryPoint","urlTemplate":"https:\/\/beduka.com\/blog\/?s={search_term_string}"},"query-input":"required name=search_term_string"}],"inLanguage":"pt-BR"},{"@type":"Organization","@id":"https:\/\/beduka.com\/blog\/#organization","name":"Beduka","url":"https:\/\/beduka.com\/blog\/","logo":{"@type":"ImageObject","inLanguage":"pt-BR","@id":"https:\/\/beduka.com\/blog\/#\/schema\/logo\/image\/","url":"https:\/\/beduka.com\/blog\/wp-content\/uploads\/2020\/06\/marca-beduka.png","contentUrl":"https:\/\/beduka.com\/blog\/wp-content\/uploads\/2020\/06\/marca-beduka.png","width":1077,"height":368,"caption":"Beduka"},"image":{"@id":"https:\/\/beduka.com\/blog\/#\/schema\/logo\/image\/"},"sameAs":["https:\/\/www.facebook.com\/beduka.buscadordefaculdades\/","https:\/\/www.instagram.com\/beduka_oficial\/","https:\/\/www.linkedin.com\/company\/beduka","https:\/\/br.pinterest.com\/bedukaoficial\/","https:\/\/www.youtube.com\/beduka"]},{"@type":"Person","@id":"https:\/\/beduka.com\/blog\/#\/schema\/person\/325d912d2cb8dd9ede8ab291427d2b8a","name":"Reda\u00e7\u00e3o Beduka (a)","image":{"@type":"ImageObject","inLanguage":"pt-BR","@id":"https:\/\/beduka.com\/blog\/#\/schema\/person\/image\/","url":"https:\/\/secure.gravatar.com\/avatar\/6f58a181ef24e0dc0bb73f096aa0f8b5?s=96&d=mm&r=g","contentUrl":"https:\/\/secure.gravatar.com\/avatar\/6f58a181ef24e0dc0bb73f096aa0f8b5?s=96&d=mm&r=g","caption":"Reda\u00e7\u00e3o Beduka (a)"},"description":"Este conte\u00fado foi criado e validado por uma equipe multidisciplinar, formada por especialistas em cada \u00e1rea do conhecimento. O Beduka est\u00e1 presente no Instagram, YouTube, LinkedIn e em diversos outros ambientes digitais. O site foi criado em 2017 e, desde a sua funda\u00e7\u00e3o, atua para fornecer materiais de qualidade para facilitar a vida de estudantes de todo o Brasil, ajudando-os a se preparar para os principais vestibulares e o Enem.","sameAs":["https:\/\/www.facebook.com\/beduka.buscadordefaculdades","https:\/\/www.instagram.com\/beduka_oficial\/","https:\/\/br.pinterest.com\/bedukaoficial\/"],"url":"https:\/\/beduka.com\/blog\/author\/admin\/"}]}},"_links":{"self":[{"href":"https:\/\/beduka.com\/blog\/wp-json\/wp\/v2\/posts\/9894"}],"collection":[{"href":"https:\/\/beduka.com\/blog\/wp-json\/wp\/v2\/posts"}],"about":[{"href":"https:\/\/beduka.com\/blog\/wp-json\/wp\/v2\/types\/post"}],"author":[{"embeddable":true,"href":"https:\/\/beduka.com\/blog\/wp-json\/wp\/v2\/users\/1"}],"replies":[{"embeddable":true,"href":"https:\/\/beduka.com\/blog\/wp-json\/wp\/v2\/comments?post=9894"}],"version-history":[{"count":13,"href":"https:\/\/beduka.com\/blog\/wp-json\/wp\/v2\/posts\/9894\/revisions"}],"predecessor-version":[{"id":28335,"href":"https:\/\/beduka.com\/blog\/wp-json\/wp\/v2\/posts\/9894\/revisions\/28335"}],"wp:featuredmedia":[{"embeddable":true,"href":"https:\/\/beduka.com\/blog\/wp-json\/wp\/v2\/media\/9895"}],"wp:attachment":[{"href":"https:\/\/beduka.com\/blog\/wp-json\/wp\/v2\/media?parent=9894"}],"wp:term":[{"taxonomy":"category","embeddable":true,"href":"https:\/\/beduka.com\/blog\/wp-json\/wp\/v2\/categories?post=9894"},{"taxonomy":"post_tag","embeddable":true,"href":"https:\/\/beduka.com\/blog\/wp-json\/wp\/v2\/tags?post=9894"}],"curies":[{"name":"wp","href":"https:\/\/api.w.org\/{rel}","templated":true}]}}